{"id":2319,"date":"2021-04-06T09:05:53","date_gmt":"2021-04-06T09:05:53","guid":{"rendered":"https:\/\/www.sacrecoeurvercel.com\/?p=2319"},"modified":"2021-04-06T09:06:47","modified_gmt":"2021-04-06T09:06:47","slug":"joyeuses-paques","status":"publish","type":"post","link":"https:\/\/www.sacrecoeurvercel.com\/index.php\/2021\/04\/06\/joyeuses-paques\/","title":{"rendered":"Joyeuses P\u00e2ques"},"content":{"rendered":"\n<figure class=\"wp-block-image size-large is-resized\"><img decoding=\"async\" loading=\"lazy\" src=\"https:\/\/www.sacrecoeurvercel.com\/wp-content\/uploads\/2021\/04\/paques-2.jpg\" alt=\"\" class=\"wp-image-2320\" width=\"388\" height=\"291\" srcset=\"https:\/\/www.sacrecoeurvercel.com\/wp-content\/uploads\/2021\/04\/paques-2.jpg 448w, https:\/\/www.sacrecoeurvercel.com\/wp-content\/uploads\/2021\/04\/paques-2-300x225.jpg 300w\" sizes=\"(max-width: 388px) 100vw, 388px\" \/><\/figure>\n\n\n\n<p> Voici les cr\u00e9ations d&rsquo;\u0153ufs en ciment r\u00e9alis\u00e9s par les CP\/CE1 A.<\/p>\n\n\n\n<p>Le printemps qui s est invit\u00e9 \u00e9galement dans la classe. <\/p>\n\n\n\n<div class=\"wp-block-image\"><figure class=\"alignright size-large is-resized\"><img decoding=\"async\" loading=\"lazy\" src=\"https:\/\/www.sacrecoeurvercel.com\/wp-content\/uploads\/2021\/04\/paques-4.jpg\" alt=\"\" class=\"wp-image-2322\" width=\"354\" height=\"266\" srcset=\"https:\/\/www.sacrecoeurvercel.com\/wp-content\/uploads\/2021\/04\/paques-4.jpg 448w, https:\/\/www.sacrecoeurvercel.com\/wp-content\/uploads\/2021\/04\/paques-4-300x225.jpg 300w\" sizes=\"(max-width: 354px) 100vw, 354px\" \/><\/figure><\/div>\n\n\n\n<figure class=\"wp-block-image size-large is-resized\"><img decoding=\"async\" loading=\"lazy\" src=\"https:\/\/www.sacrecoeurvercel.com\/wp-content\/uploads\/2021\/04\/paques-3.jpg\" alt=\"\" class=\"wp-image-2323\" width=\"342\" height=\"257\" srcset=\"https:\/\/www.sacrecoeurvercel.com\/wp-content\/uploads\/2021\/04\/paques-3.jpg 448w, https:\/\/www.sacrecoeurvercel.com\/wp-content\/uploads\/2021\/04\/paques-3-300x225.jpg 300w\" sizes=\"(max-width: 342px) 100vw, 342px\" \/><\/figure>\n","protected":false},"excerpt":{"rendered":"<p>Voici les cr\u00e9ations d&rsquo;\u0153ufs en ciment r\u00e9alis\u00e9s par les CP\/CE1 A. Le printemps qui s est invit\u00e9 \u00e9galement dans la classe.<\/p>\n","protected":false},"author":8,"featured_media":2320,"comment_status":"closed","ping_status":"closed","sticky":false,"template":"","format":"standard","meta":[],"categories":[4,6,1],"tags":[],"_links":{"self":[{"href":"https:\/\/www.sacrecoeurvercel.com\/index.php\/wp-json\/wp\/v2\/posts\/2319"}],"collection":[{"href":"https:\/\/www.sacrecoeurvercel.com\/index.php\/wp-json\/wp\/v2\/posts"}],"about":[{"href":"https:\/\/www.sacrecoeurvercel.com\/index.php\/wp-json\/wp\/v2\/types\/post"}],"author":[{"embeddable":true,"href":"https:\/\/www.sacrecoeurvercel.com\/index.php\/wp-json\/wp\/v2\/users\/8"}],"replies":[{"embeddable":true,"href":"https:\/\/www.sacrecoeurvercel.com\/index.php\/wp-json\/wp\/v2\/comments?post=2319"}],"version-history":[{"count":1,"href":"https:\/\/www.sacrecoeurvercel.com\/index.php\/wp-json\/wp\/v2\/posts\/2319\/revisions"}],"predecessor-version":[{"id":2325,"href":"https:\/\/www.sacrecoeurvercel.com\/index.php\/wp-json\/wp\/v2\/posts\/2319\/revisions\/2325"}],"wp:featuredmedia":[{"embeddable":true,"href":"https:\/\/www.sacrecoeurvercel.com\/index.php\/wp-json\/wp\/v2\/media\/2320"}],"wp:attachment":[{"href":"https:\/\/www.sacrecoeurvercel.com\/index.php\/wp-json\/wp\/v2\/media?parent=2319"}],"wp:term":[{"taxonomy":"category","embeddable":true,"href":"https:\/\/www.sacrecoeurvercel.com\/index.php\/wp-json\/wp\/v2\/categories?post=2319"},{"taxonomy":"post_tag","embeddable":true,"href":"https:\/\/www.sacrecoeurvercel.com\/index.php\/wp-json\/wp\/v2\/tags?post=2319"}],"curies":[{"name":"wp","href":"https:\/\/api.w.org\/{rel}","templated":true}]}}