{"id":2341,"date":"2021-06-15T13:06:10","date_gmt":"2021-06-15T13:06:10","guid":{"rendered":"https:\/\/www.sacrecoeurvercel.com\/?p=2341"},"modified":"2021-06-15T13:08:53","modified_gmt":"2021-06-15T13:08:53","slug":"option-raquettes-au-college","status":"publish","type":"post","link":"https:\/\/www.sacrecoeurvercel.com\/index.php\/2021\/06\/15\/option-raquettes-au-college\/","title":{"rendered":"Option raquettes au coll\u00e8ge"},"content":{"rendered":"\n<div class=\"is-layout-flow wp-block-group\"><div class=\"wp-block-group__inner-container\">\n<div class=\"wp-block-image\"><figure class=\"alignright size-large\"><img decoding=\"async\" loading=\"lazy\" width=\"448\" height=\"336\" src=\"https:\/\/www.sacrecoeurvercel.com\/wp-content\/uploads\/2021\/06\/IMG_7560-comp-1.jpeg\" alt=\"\" class=\"wp-image-2345\" srcset=\"https:\/\/www.sacrecoeurvercel.com\/wp-content\/uploads\/2021\/06\/IMG_7560-comp-1.jpeg 448w, https:\/\/www.sacrecoeurvercel.com\/wp-content\/uploads\/2021\/06\/IMG_7560-comp-1-300x225.jpeg 300w\" sizes=\"(max-width: 448px) 100vw, 448px\" \/><\/figure><\/div>\n\n\n\n<figure class=\"is-layout-flex wp-block-gallery-1 wp-block-gallery columns-1 is-cropped\"><ul class=\"blocks-gallery-grid\"><li class=\"blocks-gallery-item\"><figure><img decoding=\"async\" loading=\"lazy\" width=\"448\" height=\"336\" src=\"https:\/\/www.sacrecoeurvercel.com\/wp-content\/uploads\/2021\/06\/IMG_7562-comp-1.jpg\" alt=\"\" data-id=\"2350\" class=\"wp-image-2350\" srcset=\"https:\/\/www.sacrecoeurvercel.com\/wp-content\/uploads\/2021\/06\/IMG_7562-comp-1.jpg 448w, https:\/\/www.sacrecoeurvercel.com\/wp-content\/uploads\/2021\/06\/IMG_7562-comp-1-300x225.jpg 300w\" sizes=\"(max-width: 448px) 100vw, 448px\" \/><\/figure><\/li><\/ul><\/figure>\n<\/div><\/div>\n\n\n\n<p>A partir de la rentr\u00e9e de septembre 2021, notre \u00e9tablissement a opt\u00e9 pour une nouvelle option : sports raquettesApr\u00e8s avoir transmis par \u00e9crit leurs motivations, des tests techniques, tactiques et physiques ont \u00e9t\u00e9 r\u00e9alis\u00e9s mercredi 9 Juin 2021, pour nos futurs 6 ieme et 5 ieme, Les futurs 4 ieme et 3 ieme seront test\u00e9s Mercredi 16\/06\/2021&#8230;.Les r\u00e9sultats pour int\u00e9grer cette nouvelle option, seront communiqu\u00e9s d\u00e9but juillet, Bonne chance \u00e0 tous!<\/p>\n","protected":false},"excerpt":{"rendered":"<p>A partir de la rentr\u00e9e de septembre 2021, notre \u00e9tablissement a opt\u00e9 pour une nouvelle option : sports raquettesApr\u00e8s avoir transmis par \u00e9crit leurs motivations, des tests techniques, tactiques et physiques ont \u00e9t\u00e9 r\u00e9alis\u00e9s mercredi&#8230;<\/p>\n","protected":false},"author":8,"featured_media":2342,"comment_status":"closed","ping_status":"closed","sticky":false,"template":"","format":"standard","meta":[],"categories":[7,13],"tags":[],"_links":{"self":[{"href":"https:\/\/www.sacrecoeurvercel.com\/index.php\/wp-json\/wp\/v2\/posts\/2341"}],"collection":[{"href":"https:\/\/www.sacrecoeurvercel.com\/index.php\/wp-json\/wp\/v2\/posts"}],"about":[{"href":"https:\/\/www.sacrecoeurvercel.com\/index.php\/wp-json\/wp\/v2\/types\/post"}],"author":[{"embeddable":true,"href":"https:\/\/www.sacrecoeurvercel.com\/index.php\/wp-json\/wp\/v2\/users\/8"}],"replies":[{"embeddable":true,"href":"https:\/\/www.sacrecoeurvercel.com\/index.php\/wp-json\/wp\/v2\/comments?post=2341"}],"version-history":[{"count":2,"href":"https:\/\/www.sacrecoeurvercel.com\/index.php\/wp-json\/wp\/v2\/posts\/2341\/revisions"}],"predecessor-version":[{"id":2351,"href":"https:\/\/www.sacrecoeurvercel.com\/index.php\/wp-json\/wp\/v2\/posts\/2341\/revisions\/2351"}],"wp:featuredmedia":[{"embeddable":true,"href":"https:\/\/www.sacrecoeurvercel.com\/index.php\/wp-json\/wp\/v2\/media\/2342"}],"wp:attachment":[{"href":"https:\/\/www.sacrecoeurvercel.com\/index.php\/wp-json\/wp\/v2\/media?parent=2341"}],"wp:term":[{"taxonomy":"category","embeddable":true,"href":"https:\/\/www.sacrecoeurvercel.com\/index.php\/wp-json\/wp\/v2\/categories?post=2341"},{"taxonomy":"post_tag","embeddable":true,"href":"https:\/\/www.sacrecoeurvercel.com\/index.php\/wp-json\/wp\/v2\/tags?post=2341"}],"curies":[{"name":"wp","href":"https:\/\/api.w.org\/{rel}","templated":true}]}}