{"id":2400,"date":"2021-09-30T09:07:51","date_gmt":"2021-09-30T09:07:51","guid":{"rendered":"https:\/\/www.sacrecoeurvercel.com\/?p=2400"},"modified":"2021-09-30T09:07:51","modified_gmt":"2021-09-30T09:07:51","slug":"sortie-pour-nos-eleves-de-3-ieme","status":"publish","type":"post","link":"https:\/\/www.sacrecoeurvercel.com\/index.php\/2021\/09\/30\/sortie-pour-nos-eleves-de-3-ieme\/","title":{"rendered":"Sortie pour nos \u00e9l\u00e8ves de 3 i\u00e8me"},"content":{"rendered":"\n<p>Sortie pour nos \u00e9l\u00e8ves de 3 ieme le Jeudi 16 Septembre 2021:<\/p>\n\n\n\n<ul><li>Visite du th\u00e9\u00e2tre , Gallo Romain, \u00e0 Mandeure <\/li><\/ul>\n\n\n\n<ul><li>Visite de la Maison de la N\u00e9gritude \u00e0 Champagney<\/li><\/ul>\n\n\n\n<figure class=\"is-layout-flex wp-block-gallery-1 wp-block-gallery alignleft columns-3 is-cropped\"><ul class=\"blocks-gallery-grid\"><li class=\"blocks-gallery-item\"><figure><img decoding=\"async\" loading=\"lazy\" width=\"960\" height=\"638\" src=\"https:\/\/www.sacrecoeurvercel.com\/wp-content\/uploads\/2021\/09\/gallo-roamin_photo.jpg\" alt=\"\" data-id=\"2403\" data-link=\"https:\/\/www.sacrecoeurvercel.com\/?attachment_id=2403\" class=\"wp-image-2403\" srcset=\"https:\/\/www.sacrecoeurvercel.com\/wp-content\/uploads\/2021\/09\/gallo-roamin_photo.jpg 960w, https:\/\/www.sacrecoeurvercel.com\/wp-content\/uploads\/2021\/09\/gallo-roamin_photo-300x199.jpg 300w, https:\/\/www.sacrecoeurvercel.com\/wp-content\/uploads\/2021\/09\/gallo-roamin_photo-768x510.jpg 768w, https:\/\/www.sacrecoeurvercel.com\/wp-content\/uploads\/2021\/09\/gallo-roamin_photo-391x260.jpg 391w\" sizes=\"(max-width: 960px) 100vw, 960px\" \/><\/figure><\/li><li class=\"blocks-gallery-item\"><figure><img decoding=\"async\" loading=\"lazy\" width=\"915\" height=\"515\" src=\"https:\/\/www.sacrecoeurvercel.com\/wp-content\/uploads\/2021\/09\/prof-2.jpg\" alt=\"\" data-id=\"2404\" data-link=\"https:\/\/www.sacrecoeurvercel.com\/?attachment_id=2404\" class=\"wp-image-2404\" srcset=\"https:\/\/www.sacrecoeurvercel.com\/wp-content\/uploads\/2021\/09\/prof-2.jpg 915w, https:\/\/www.sacrecoeurvercel.com\/wp-content\/uploads\/2021\/09\/prof-2-300x169.jpg 300w, https:\/\/www.sacrecoeurvercel.com\/wp-content\/uploads\/2021\/09\/prof-2-768x432.jpg 768w, https:\/\/www.sacrecoeurvercel.com\/wp-content\/uploads\/2021\/09\/prof-2-777x437.jpg 777w, https:\/\/www.sacrecoeurvercel.com\/wp-content\/uploads\/2021\/09\/prof-2-260x146.jpg 260w, https:\/\/www.sacrecoeurvercel.com\/wp-content\/uploads\/2021\/09\/prof-2-120x67.jpg 120w\" sizes=\"(max-width: 915px) 100vw, 915px\" \/><\/figure><\/li><li class=\"blocks-gallery-item\"><figure><img decoding=\"async\" loading=\"lazy\" width=\"250\" height=\"250\" src=\"https:\/\/www.sacrecoeurvercel.com\/wp-content\/uploads\/2021\/09\/haute-saone-42-negritude-1.jpg\" alt=\"\" data-id=\"2406\" data-link=\"https:\/\/www.sacrecoeurvercel.com\/?attachment_id=2406\" class=\"wp-image-2406\" srcset=\"https:\/\/www.sacrecoeurvercel.com\/wp-content\/uploads\/2021\/09\/haute-saone-42-negritude-1.jpg 250w, https:\/\/www.sacrecoeurvercel.com\/wp-content\/uploads\/2021\/09\/haute-saone-42-negritude-1-150x150.jpg 150w\" sizes=\"(max-width: 250px) 100vw, 250px\" \/><\/figure><\/li><li class=\"blocks-gallery-item\"><figure><img decoding=\"async\" loading=\"lazy\" width=\"384\" height=\"288\" src=\"https:\/\/www.sacrecoeurvercel.com\/wp-content\/uploads\/2021\/09\/sortie-3.jpg\" alt=\"\" data-id=\"2407\" data-full-url=\"https:\/\/www.sacrecoeurvercel.com\/wp-content\/uploads\/2021\/09\/sortie-3.jpg\" data-link=\"https:\/\/www.sacrecoeurvercel.com\/?attachment_id=2407\" class=\"wp-image-2407\" srcset=\"https:\/\/www.sacrecoeurvercel.com\/wp-content\/uploads\/2021\/09\/sortie-3.jpg 384w, https:\/\/www.sacrecoeurvercel.com\/wp-content\/uploads\/2021\/09\/sortie-3-300x225.jpg 300w\" sizes=\"(max-width: 384px) 100vw, 384px\" \/><\/figure><\/li><\/ul><\/figure>\n\n\n\n<div class=\"is-layout-flow wp-block-group\"><div class=\"wp-block-group__inner-container\">\n<figure class=\"is-layout-flex wp-block-gallery-3 wp-block-gallery columns-1 is-cropped\"><ul class=\"blocks-gallery-grid\"><li class=\"blocks-gallery-item\"><figure><img decoding=\"async\" loading=\"lazy\" width=\"1024\" height=\"681\" src=\"https:\/\/www.sacrecoeurvercel.com\/wp-content\/uploads\/2021\/09\/negritude-1024x681.jpg\" alt=\"\" data-id=\"2408\" data-full-url=\"https:\/\/www.sacrecoeurvercel.com\/wp-content\/uploads\/2021\/09\/negritude.jpg\" data-link=\"https:\/\/www.sacrecoeurvercel.com\/?attachment_id=2408\" class=\"wp-image-2408\" srcset=\"https:\/\/www.sacrecoeurvercel.com\/wp-content\/uploads\/2021\/09\/negritude-1024x681.jpg 1024w, https:\/\/www.sacrecoeurvercel.com\/wp-content\/uploads\/2021\/09\/negritude-300x199.jpg 300w, https:\/\/www.sacrecoeurvercel.com\/wp-content\/uploads\/2021\/09\/negritude-768x511.jpg 768w, https:\/\/www.sacrecoeurvercel.com\/wp-content\/uploads\/2021\/09\/negritude-391x260.jpg 391w, https:\/\/www.sacrecoeurvercel.com\/wp-content\/uploads\/2021\/09\/negritude.jpg 1140w\" sizes=\"(max-width: 1024px) 100vw, 1024px\" \/><\/figure><\/li><\/ul><\/figure>\n<\/div><\/div>\n","protected":false},"excerpt":{"rendered":"<p>Sortie pour nos \u00e9l\u00e8ves de 3 ieme le Jeudi 16 Septembre 2021: Visite du th\u00e9\u00e2tre , Gallo Romain, \u00e0 Mandeure Visite de la Maison de la N\u00e9gritude \u00e0 Champagney<\/p>\n","protected":false},"author":8,"featured_media":2402,"comment_status":"closed","ping_status":"closed","sticky":false,"template":"","format":"standard","meta":[],"categories":[7,4,15],"tags":[],"_links":{"self":[{"href":"https:\/\/www.sacrecoeurvercel.com\/index.php\/wp-json\/wp\/v2\/posts\/2400"}],"collection":[{"href":"https:\/\/www.sacrecoeurvercel.com\/index.php\/wp-json\/wp\/v2\/posts"}],"about":[{"href":"https:\/\/www.sacrecoeurvercel.com\/index.php\/wp-json\/wp\/v2\/types\/post"}],"author":[{"embeddable":true,"href":"https:\/\/www.sacrecoeurvercel.com\/index.php\/wp-json\/wp\/v2\/users\/8"}],"replies":[{"embeddable":true,"href":"https:\/\/www.sacrecoeurvercel.com\/index.php\/wp-json\/wp\/v2\/comments?post=2400"}],"version-history":[{"count":1,"href":"https:\/\/www.sacrecoeurvercel.com\/index.php\/wp-json\/wp\/v2\/posts\/2400\/revisions"}],"predecessor-version":[{"id":2409,"href":"https:\/\/www.sacrecoeurvercel.com\/index.php\/wp-json\/wp\/v2\/posts\/2400\/revisions\/2409"}],"wp:featuredmedia":[{"embeddable":true,"href":"https:\/\/www.sacrecoeurvercel.com\/index.php\/wp-json\/wp\/v2\/media\/2402"}],"wp:attachment":[{"href":"https:\/\/www.sacrecoeurvercel.com\/index.php\/wp-json\/wp\/v2\/media?parent=2400"}],"wp:term":[{"taxonomy":"category","embeddable":true,"href":"https:\/\/www.sacrecoeurvercel.com\/index.php\/wp-json\/wp\/v2\/categories?post=2400"},{"taxonomy":"post_tag","embeddable":true,"href":"https:\/\/www.sacrecoeurvercel.com\/index.php\/wp-json\/wp\/v2\/tags?post=2400"}],"curies":[{"name":"wp","href":"https:\/\/api.w.org\/{rel}","templated":true}]}}