{"id":2411,"date":"2021-10-04T07:47:55","date_gmt":"2021-10-04T07:47:55","guid":{"rendered":"https:\/\/www.sacrecoeurvercel.com\/?p=2411"},"modified":"2021-10-04T07:47:55","modified_gmt":"2021-10-04T07:47:55","slug":"le-comice-de-vercel-bien-decore","status":"publish","type":"post","link":"https:\/\/www.sacrecoeurvercel.com\/index.php\/2021\/10\/04\/le-comice-de-vercel-bien-decore\/","title":{"rendered":"Le comice de Vercel bien d\u00e9cor\u00e9!"},"content":{"rendered":"\n<p>Le comice de Vercel \u00e9tait bien d\u00e9cor\u00e9 ce samedi 2 Octobre 2021 , avec les travaux r\u00e9alis\u00e9s par les \u00e9l\u00e8ves de maternelle, primaire et coll\u00e8ge!<\/p>\n\n\n\n<figure class=\"wp-block-image\"><img decoding=\"async\" src=\"https:\/\/static.xx.fbcdn.net\/images\/emoji.php\/v9\/t58\/1\/16\/1f929.png\" alt=\"\ud83e\udd29\"\/><\/figure>\n\n\n\n<p>Bravo \u00e0 nos \u00e9l\u00e8ves et aux professeurs !<\/p>\n\n\n\n<div class=\"is-layout-flow wp-block-group\"><div class=\"wp-block-group__inner-container\">\n<figure class=\"is-layout-flex wp-block-gallery-1 wp-block-gallery columns-1 is-cropped\"><ul class=\"blocks-gallery-grid\"><li class=\"blocks-gallery-item\"><figure><img decoding=\"async\" loading=\"lazy\" width=\"768\" height=\"1024\" src=\"https:\/\/www.sacrecoeurvercel.com\/wp-content\/uploads\/2021\/10\/comice-11-768x1024.jpg\" alt=\"\" data-id=\"2417\" data-full-url=\"https:\/\/www.sacrecoeurvercel.com\/wp-content\/uploads\/2021\/10\/comice-11.jpg\" data-link=\"https:\/\/www.sacrecoeurvercel.com\/?attachment_id=2417\" class=\"wp-image-2417\" srcset=\"https:\/\/www.sacrecoeurvercel.com\/wp-content\/uploads\/2021\/10\/comice-11-768x1024.jpg 768w, https:\/\/www.sacrecoeurvercel.com\/wp-content\/uploads\/2021\/10\/comice-11-225x300.jpg 225w, https:\/\/www.sacrecoeurvercel.com\/wp-content\/uploads\/2021\/10\/comice-11-300x400.jpg 300w, https:\/\/www.sacrecoeurvercel.com\/wp-content\/uploads\/2021\/10\/comice-11-1152x1536.jpg 1152w, https:\/\/www.sacrecoeurvercel.com\/wp-content\/uploads\/2021\/10\/comice-11.jpg 1536w\" sizes=\"(max-width: 768px) 100vw, 768px\" \/><\/figure><\/li><\/ul><\/figure>\n\n\n\n<div class=\"wp-block-image\"><figure class=\"alignright size-large is-resized\"><img decoding=\"async\" loading=\"lazy\" src=\"https:\/\/www.sacrecoeurvercel.com\/wp-content\/uploads\/2021\/10\/comice-13-1024x768.jpg\" alt=\"\" class=\"wp-image-2416\" width=\"316\" height=\"237\" srcset=\"https:\/\/www.sacrecoeurvercel.com\/wp-content\/uploads\/2021\/10\/comice-13-1024x768.jpg 1024w, https:\/\/www.sacrecoeurvercel.com\/wp-content\/uploads\/2021\/10\/comice-13-300x225.jpg 300w, https:\/\/www.sacrecoeurvercel.com\/wp-content\/uploads\/2021\/10\/comice-13-768x576.jpg 768w, https:\/\/www.sacrecoeurvercel.com\/wp-content\/uploads\/2021\/10\/comice-13-1536x1152.jpg 1536w, https:\/\/www.sacrecoeurvercel.com\/wp-content\/uploads\/2021\/10\/comice-13.jpg 2048w\" sizes=\"(max-width: 316px) 100vw, 316px\" \/><\/figure><\/div>\n\n\n\n<figure class=\"wp-block-image size-large is-resized\"><img decoding=\"async\" loading=\"lazy\" src=\"https:\/\/www.sacrecoeurvercel.com\/wp-content\/uploads\/2021\/10\/comice-16.jpg\" alt=\"\" class=\"wp-image-2413\" width=\"364\" height=\"273\" srcset=\"https:\/\/www.sacrecoeurvercel.com\/wp-content\/uploads\/2021\/10\/comice-16.jpg 960w, https:\/\/www.sacrecoeurvercel.com\/wp-content\/uploads\/2021\/10\/comice-16-300x225.jpg 300w, https:\/\/www.sacrecoeurvercel.com\/wp-content\/uploads\/2021\/10\/comice-16-768x576.jpg 768w\" sizes=\"(max-width: 364px) 100vw, 364px\" \/><\/figure>\n<\/div><\/div>\n\n\n\n<div class=\"wp-block-image\"><figure class=\"aligncenter size-large is-resized\"><img decoding=\"async\" loading=\"lazy\" src=\"https:\/\/www.sacrecoeurvercel.com\/wp-content\/uploads\/2021\/10\/comice-14.jpg\" alt=\"\" class=\"wp-image-2415\" width=\"357\" height=\"268\" srcset=\"https:\/\/www.sacrecoeurvercel.com\/wp-content\/uploads\/2021\/10\/comice-14.jpg 960w, https:\/\/www.sacrecoeurvercel.com\/wp-content\/uploads\/2021\/10\/comice-14-300x225.jpg 300w, https:\/\/www.sacrecoeurvercel.com\/wp-content\/uploads\/2021\/10\/comice-14-768x576.jpg 768w\" sizes=\"(max-width: 357px) 100vw, 357px\" \/><\/figure><\/div>\n","protected":false},"excerpt":{"rendered":"<p>Le comice de Vercel \u00e9tait bien d\u00e9cor\u00e9 ce samedi 2 Octobre 2021 , avec les travaux r\u00e9alis\u00e9s par les \u00e9l\u00e8ves de maternelle, primaire et coll\u00e8ge! Bravo \u00e0 nos \u00e9l\u00e8ves et aux professeurs !<\/p>\n","protected":false},"author":8,"featured_media":2419,"comment_status":"closed","ping_status":"closed","sticky":false,"template":"","format":"standard","meta":[],"categories":[7,4,6,11,16],"tags":[],"_links":{"self":[{"href":"https:\/\/www.sacrecoeurvercel.com\/index.php\/wp-json\/wp\/v2\/posts\/2411"}],"collection":[{"href":"https:\/\/www.sacrecoeurvercel.com\/index.php\/wp-json\/wp\/v2\/posts"}],"about":[{"href":"https:\/\/www.sacrecoeurvercel.com\/index.php\/wp-json\/wp\/v2\/types\/post"}],"author":[{"embeddable":true,"href":"https:\/\/www.sacrecoeurvercel.com\/index.php\/wp-json\/wp\/v2\/users\/8"}],"replies":[{"embeddable":true,"href":"https:\/\/www.sacrecoeurvercel.com\/index.php\/wp-json\/wp\/v2\/comments?post=2411"}],"version-history":[{"count":1,"href":"https:\/\/www.sacrecoeurvercel.com\/index.php\/wp-json\/wp\/v2\/posts\/2411\/revisions"}],"predecessor-version":[{"id":2420,"href":"https:\/\/www.sacrecoeurvercel.com\/index.php\/wp-json\/wp\/v2\/posts\/2411\/revisions\/2420"}],"wp:featuredmedia":[{"embeddable":true,"href":"https:\/\/www.sacrecoeurvercel.com\/index.php\/wp-json\/wp\/v2\/media\/2419"}],"wp:attachment":[{"href":"https:\/\/www.sacrecoeurvercel.com\/index.php\/wp-json\/wp\/v2\/media?parent=2411"}],"wp:term":[{"taxonomy":"category","embeddable":true,"href":"https:\/\/www.sacrecoeurvercel.com\/index.php\/wp-json\/wp\/v2\/categories?post=2411"},{"taxonomy":"post_tag","embeddable":true,"href":"https:\/\/www.sacrecoeurvercel.com\/index.php\/wp-json\/wp\/v2\/tags?post=2411"}],"curies":[{"name":"wp","href":"https:\/\/api.w.org\/{rel}","templated":true}]}}