{"id":2421,"date":"2021-10-11T07:50:00","date_gmt":"2021-10-11T07:50:00","guid":{"rendered":"https:\/\/www.sacrecoeurvercel.com\/?p=2421"},"modified":"2021-10-04T07:52:20","modified_gmt":"2021-10-04T07:52:20","slug":"octobre-rose-au-groupe-scolaire","status":"publish","type":"post","link":"https:\/\/www.sacrecoeurvercel.com\/index.php\/2021\/10\/11\/octobre-rose-au-groupe-scolaire\/","title":{"rendered":"Octobre rose au groupe scolaire&#8230;."},"content":{"rendered":"\n<figure class=\"wp-block-image size-large\"><img decoding=\"async\" loading=\"lazy\" width=\"1024\" height=\"458\" src=\"https:\/\/www.sacrecoeurvercel.com\/wp-content\/uploads\/2021\/10\/index-1024x458.jpg\" alt=\"\" class=\"wp-image-2422\" srcset=\"https:\/\/www.sacrecoeurvercel.com\/wp-content\/uploads\/2021\/10\/index-1024x458.jpg 1024w, https:\/\/www.sacrecoeurvercel.com\/wp-content\/uploads\/2021\/10\/index-300x134.jpg 300w, https:\/\/www.sacrecoeurvercel.com\/wp-content\/uploads\/2021\/10\/index-768x344.jpg 768w, https:\/\/www.sacrecoeurvercel.com\/wp-content\/uploads\/2021\/10\/index.jpg 1169w\" sizes=\"(max-width: 1024px) 100vw, 1024px\" \/><\/figure>\n\n\n\n<p><strong><u>C<\/u>ette ann\u00e9e, notre traditionnel\u00a0CROSS se tiendra le vendredi 15 octobre\u00a0au profit de l&rsquo;association Octobre Rose;\u00a0\u00e9coliers et coll\u00e9giens devront courir avec un v\u00eatement ou un accessoire rose. Une bo\u00eete sera install\u00e9e, \u00e0 partir de lundi dans le hall du groupe scolaire pour r\u00e9colter des dons. Soyez nombreux et g\u00e9n\u00e9reux \u00e0 participer!<\/strong><\/p>\n","protected":false},"excerpt":{"rendered":"<p>Cette ann\u00e9e, notre traditionnel\u00a0CROSS se tiendra le vendredi 15 octobre\u00a0au profit de l&rsquo;association Octobre Rose;\u00a0\u00e9coliers et coll\u00e9giens devront courir avec un v\u00eatement ou un accessoire rose. Une bo\u00eete sera install\u00e9e, \u00e0 partir de lundi dans&#8230;<\/p>\n","protected":false},"author":8,"featured_media":2423,"comment_status":"closed","ping_status":"closed","sticky":false,"template":"","format":"standard","meta":[],"categories":[7,4,6,13],"tags":[],"_links":{"self":[{"href":"https:\/\/www.sacrecoeurvercel.com\/index.php\/wp-json\/wp\/v2\/posts\/2421"}],"collection":[{"href":"https:\/\/www.sacrecoeurvercel.com\/index.php\/wp-json\/wp\/v2\/posts"}],"about":[{"href":"https:\/\/www.sacrecoeurvercel.com\/index.php\/wp-json\/wp\/v2\/types\/post"}],"author":[{"embeddable":true,"href":"https:\/\/www.sacrecoeurvercel.com\/index.php\/wp-json\/wp\/v2\/users\/8"}],"replies":[{"embeddable":true,"href":"https:\/\/www.sacrecoeurvercel.com\/index.php\/wp-json\/wp\/v2\/comments?post=2421"}],"version-history":[{"count":1,"href":"https:\/\/www.sacrecoeurvercel.com\/index.php\/wp-json\/wp\/v2\/posts\/2421\/revisions"}],"predecessor-version":[{"id":2424,"href":"https:\/\/www.sacrecoeurvercel.com\/index.php\/wp-json\/wp\/v2\/posts\/2421\/revisions\/2424"}],"wp:featuredmedia":[{"embeddable":true,"href":"https:\/\/www.sacrecoeurvercel.com\/index.php\/wp-json\/wp\/v2\/media\/2423"}],"wp:attachment":[{"href":"https:\/\/www.sacrecoeurvercel.com\/index.php\/wp-json\/wp\/v2\/media?parent=2421"}],"wp:term":[{"taxonomy":"category","embeddable":true,"href":"https:\/\/www.sacrecoeurvercel.com\/index.php\/wp-json\/wp\/v2\/categories?post=2421"},{"taxonomy":"post_tag","embeddable":true,"href":"https:\/\/www.sacrecoeurvercel.com\/index.php\/wp-json\/wp\/v2\/tags?post=2421"}],"curies":[{"name":"wp","href":"https:\/\/api.w.org\/{rel}","templated":true}]}}