{"id":2445,"date":"2021-10-18T15:33:00","date_gmt":"2021-10-18T15:33:00","guid":{"rendered":"https:\/\/www.sacrecoeurvercel.com\/?p=2445"},"modified":"2021-10-07T15:37:27","modified_gmt":"2021-10-07T15:37:27","slug":"vente-de-nos-legumes","status":"publish","type":"post","link":"https:\/\/www.sacrecoeurvercel.com\/index.php\/2021\/10\/18\/vente-de-nos-legumes\/","title":{"rendered":"Vente de  nos l\u00e9gumes"},"content":{"rendered":"\n<p>Vente de potirons et potimarrons ( potager des maternelles) qui s&rsquo;est d\u00e9roul\u00e9e le samedi 16 Octobre 2021 de 10h \u00e0 12h00. <\/p>\n\n\n\n<p>Les ventes sont pour des achats \u00e9ducatifs pour les \u00e9l\u00e8ves de maternelle.<\/p>\n\n\n\n<div class=\"wp-block-image\"><figure class=\"aligncenter size-large is-resized\"><img decoding=\"async\" loading=\"lazy\" src=\"https:\/\/www.sacrecoeurvercel.com\/wp-content\/uploads\/2021\/10\/potiron-et-potimarron.jpg\" alt=\"\" class=\"wp-image-2446\" width=\"585\" height=\"476\" srcset=\"https:\/\/www.sacrecoeurvercel.com\/wp-content\/uploads\/2021\/10\/potiron-et-potimarron.jpg 800w, https:\/\/www.sacrecoeurvercel.com\/wp-content\/uploads\/2021\/10\/potiron-et-potimarron-300x245.jpg 300w, https:\/\/www.sacrecoeurvercel.com\/wp-content\/uploads\/2021\/10\/potiron-et-potimarron-768x626.jpg 768w\" sizes=\"(max-width: 585px) 100vw, 585px\" \/><\/figure><\/div>\n","protected":false},"excerpt":{"rendered":"<p>Vente de potirons et potimarrons ( potager des maternelles) qui s&rsquo;est d\u00e9roul\u00e9e le samedi 16 Octobre 2021 de 10h \u00e0 12h00. Les ventes sont pour des achats \u00e9ducatifs pour les \u00e9l\u00e8ves de maternelle.<\/p>\n","protected":false},"author":8,"featured_media":2166,"comment_status":"closed","ping_status":"closed","sticky":false,"template":"","format":"standard","meta":[],"categories":[4,6],"tags":[],"_links":{"self":[{"href":"https:\/\/www.sacrecoeurvercel.com\/index.php\/wp-json\/wp\/v2\/posts\/2445"}],"collection":[{"href":"https:\/\/www.sacrecoeurvercel.com\/index.php\/wp-json\/wp\/v2\/posts"}],"about":[{"href":"https:\/\/www.sacrecoeurvercel.com\/index.php\/wp-json\/wp\/v2\/types\/post"}],"author":[{"embeddable":true,"href":"https:\/\/www.sacrecoeurvercel.com\/index.php\/wp-json\/wp\/v2\/users\/8"}],"replies":[{"embeddable":true,"href":"https:\/\/www.sacrecoeurvercel.com\/index.php\/wp-json\/wp\/v2\/comments?post=2445"}],"version-history":[{"count":1,"href":"https:\/\/www.sacrecoeurvercel.com\/index.php\/wp-json\/wp\/v2\/posts\/2445\/revisions"}],"predecessor-version":[{"id":2447,"href":"https:\/\/www.sacrecoeurvercel.com\/index.php\/wp-json\/wp\/v2\/posts\/2445\/revisions\/2447"}],"wp:featuredmedia":[{"embeddable":true,"href":"https:\/\/www.sacrecoeurvercel.com\/index.php\/wp-json\/wp\/v2\/media\/2166"}],"wp:attachment":[{"href":"https:\/\/www.sacrecoeurvercel.com\/index.php\/wp-json\/wp\/v2\/media?parent=2445"}],"wp:term":[{"taxonomy":"category","embeddable":true,"href":"https:\/\/www.sacrecoeurvercel.com\/index.php\/wp-json\/wp\/v2\/categories?post=2445"},{"taxonomy":"post_tag","embeddable":true,"href":"https:\/\/www.sacrecoeurvercel.com\/index.php\/wp-json\/wp\/v2\/tags?post=2445"}],"curies":[{"name":"wp","href":"https:\/\/api.w.org\/{rel}","templated":true}]}}