{"id":2448,"date":"2021-09-07T15:38:00","date_gmt":"2021-09-07T15:38:00","guid":{"rendered":"https:\/\/www.sacrecoeurvercel.com\/?p=2448"},"modified":"2021-10-07T15:40:24","modified_gmt":"2021-10-07T15:40:24","slug":"bienvenue-a-tous","status":"publish","type":"post","link":"https:\/\/www.sacrecoeurvercel.com\/index.php\/2021\/09\/07\/bienvenue-a-tous\/","title":{"rendered":"Bienvenue \u00e0 tous !"},"content":{"rendered":"\n<p>A la rentr\u00e9e scolaire de Septembre, Monsieur Valnet , directeur du primaire, a pr\u00e9sent\u00e9 les nouveaux \u00e9l\u00e8ves!Bienvenus \u00e0 eux&#8230;. et bonne ann\u00e9e scolaire \u00e0 vous.<\/p>\n\n\n\n<figure class=\"wp-block-image size-large is-resized\"><img decoding=\"async\" loading=\"lazy\" src=\"https:\/\/www.sacrecoeurvercel.com\/wp-content\/uploads\/2021\/10\/presentation-nouveau-1024x768.jpg\" alt=\"\" class=\"wp-image-2449\" width=\"319\" height=\"239\" srcset=\"https:\/\/www.sacrecoeurvercel.com\/wp-content\/uploads\/2021\/10\/presentation-nouveau-1024x768.jpg 1024w, https:\/\/www.sacrecoeurvercel.com\/wp-content\/uploads\/2021\/10\/presentation-nouveau-300x225.jpg 300w, https:\/\/www.sacrecoeurvercel.com\/wp-content\/uploads\/2021\/10\/presentation-nouveau-768x576.jpg 768w, https:\/\/www.sacrecoeurvercel.com\/wp-content\/uploads\/2021\/10\/presentation-nouveau-1536x1152.jpg 1536w, https:\/\/www.sacrecoeurvercel.com\/wp-content\/uploads\/2021\/10\/presentation-nouveau.jpg 1600w\" sizes=\"(max-width: 319px) 100vw, 319px\" \/><\/figure>\n\n\n\n<div class=\"wp-block-image\"><figure class=\"alignright size-large is-resized\"><img decoding=\"async\" loading=\"lazy\" src=\"https:\/\/www.sacrecoeurvercel.com\/wp-content\/uploads\/2021\/10\/nouveau-1024x768.jpg\" alt=\"\" class=\"wp-image-2451\" width=\"341\" height=\"256\" srcset=\"https:\/\/www.sacrecoeurvercel.com\/wp-content\/uploads\/2021\/10\/nouveau-1024x768.jpg 1024w, https:\/\/www.sacrecoeurvercel.com\/wp-content\/uploads\/2021\/10\/nouveau-300x225.jpg 300w, https:\/\/www.sacrecoeurvercel.com\/wp-content\/uploads\/2021\/10\/nouveau-768x576.jpg 768w, https:\/\/www.sacrecoeurvercel.com\/wp-content\/uploads\/2021\/10\/nouveau-1536x1152.jpg 1536w, https:\/\/www.sacrecoeurvercel.com\/wp-content\/uploads\/2021\/10\/nouveau.jpg 1600w\" sizes=\"(max-width: 341px) 100vw, 341px\" \/><\/figure><\/div>\n\n\n\n<figure class=\"wp-block-image\"><img alt=\"\"\/><\/figure>\n","protected":false},"excerpt":{"rendered":"<p>A la rentr\u00e9e scolaire de Septembre, Monsieur Valnet , directeur du primaire, a pr\u00e9sent\u00e9 les nouveaux \u00e9l\u00e8ves!Bienvenus \u00e0 eux&#8230;. et bonne ann\u00e9e scolaire \u00e0 vous.<\/p>\n","protected":false},"author":8,"featured_media":2450,"comment_status":"closed","ping_status":"closed","sticky":false,"template":"","format":"standard","meta":[],"categories":[4,6],"tags":[],"_links":{"self":[{"href":"https:\/\/www.sacrecoeurvercel.com\/index.php\/wp-json\/wp\/v2\/posts\/2448"}],"collection":[{"href":"https:\/\/www.sacrecoeurvercel.com\/index.php\/wp-json\/wp\/v2\/posts"}],"about":[{"href":"https:\/\/www.sacrecoeurvercel.com\/index.php\/wp-json\/wp\/v2\/types\/post"}],"author":[{"embeddable":true,"href":"https:\/\/www.sacrecoeurvercel.com\/index.php\/wp-json\/wp\/v2\/users\/8"}],"replies":[{"embeddable":true,"href":"https:\/\/www.sacrecoeurvercel.com\/index.php\/wp-json\/wp\/v2\/comments?post=2448"}],"version-history":[{"count":1,"href":"https:\/\/www.sacrecoeurvercel.com\/index.php\/wp-json\/wp\/v2\/posts\/2448\/revisions"}],"predecessor-version":[{"id":2452,"href":"https:\/\/www.sacrecoeurvercel.com\/index.php\/wp-json\/wp\/v2\/posts\/2448\/revisions\/2452"}],"wp:featuredmedia":[{"embeddable":true,"href":"https:\/\/www.sacrecoeurvercel.com\/index.php\/wp-json\/wp\/v2\/media\/2450"}],"wp:attachment":[{"href":"https:\/\/www.sacrecoeurvercel.com\/index.php\/wp-json\/wp\/v2\/media?parent=2448"}],"wp:term":[{"taxonomy":"category","embeddable":true,"href":"https:\/\/www.sacrecoeurvercel.com\/index.php\/wp-json\/wp\/v2\/categories?post=2448"},{"taxonomy":"post_tag","embeddable":true,"href":"https:\/\/www.sacrecoeurvercel.com\/index.php\/wp-json\/wp\/v2\/tags?post=2448"}],"curies":[{"name":"wp","href":"https:\/\/api.w.org\/{rel}","templated":true}]}}