{"id":2460,"date":"2021-09-20T15:44:00","date_gmt":"2021-09-20T15:44:00","guid":{"rendered":"https:\/\/www.sacrecoeurvercel.com\/?p=2460"},"modified":"2021-10-07T15:45:48","modified_gmt":"2021-10-07T15:45:48","slug":"a-la-decouverte-des-fromages-de-franche-comte","status":"publish","type":"post","link":"https:\/\/www.sacrecoeurvercel.com\/index.php\/2021\/09\/20\/a-la-decouverte-des-fromages-de-franche-comte\/","title":{"rendered":"A la d\u00e9couverte des fromages de Franche Comt\u00e9"},"content":{"rendered":"\n<p>En septembre nos \u00e9l\u00e8ves de Moyenne Section sont \u00e0 la d\u00e9couverte des fromages : Cancoillotte, Comt\u00e9, Morbier , fromage de ch\u00e8vre&#8230;. Un r\u00e9gal <img decoding=\"async\" loading=\"lazy\" width=\"16\" height=\"16\" alt=\"\ud83d\ude0b\" src=\"https:\/\/static.xx.fbcdn.net\/images\/emoji.php\/v9\/t0\/1\/16\/1f60b.png\"><img decoding=\"async\" loading=\"lazy\" width=\"16\" height=\"16\" alt=\"\ud83d\ude0b\" src=\"https:\/\/static.xx.fbcdn.net\/images\/emoji.php\/v9\/t0\/1\/16\/1f60b.png\"><\/p>\n\n\n\n<figure class=\"wp-block-image size-large is-resized\"><img decoding=\"async\" loading=\"lazy\" src=\"https:\/\/www.sacrecoeurvercel.com\/wp-content\/uploads\/2021\/10\/degust.jpg\" alt=\"\" class=\"wp-image-2461\" width=\"282\" height=\"376\" srcset=\"https:\/\/www.sacrecoeurvercel.com\/wp-content\/uploads\/2021\/10\/degust.jpg 720w, https:\/\/www.sacrecoeurvercel.com\/wp-content\/uploads\/2021\/10\/degust-225x300.jpg 225w, https:\/\/www.sacrecoeurvercel.com\/wp-content\/uploads\/2021\/10\/degust-300x400.jpg 300w\" sizes=\"(max-width: 282px) 100vw, 282px\" \/><\/figure>\n\n\n\n<div class=\"wp-block-image\"><figure class=\"alignright size-large is-resized\"><img decoding=\"async\" loading=\"lazy\" src=\"https:\/\/www.sacrecoeurvercel.com\/wp-content\/uploads\/2021\/10\/degustation-fromage.jpg\" alt=\"\" class=\"wp-image-2462\" width=\"346\" height=\"461\" srcset=\"https:\/\/www.sacrecoeurvercel.com\/wp-content\/uploads\/2021\/10\/degustation-fromage.jpg 720w, https:\/\/www.sacrecoeurvercel.com\/wp-content\/uploads\/2021\/10\/degustation-fromage-225x300.jpg 225w, https:\/\/www.sacrecoeurvercel.com\/wp-content\/uploads\/2021\/10\/degustation-fromage-300x400.jpg 300w\" sizes=\"(max-width: 346px) 100vw, 346px\" \/><\/figure><\/div>\n","protected":false},"excerpt":{"rendered":"<p>En septembre nos \u00e9l\u00e8ves de Moyenne Section sont \u00e0 la d\u00e9couverte des fromages : Cancoillotte, Comt\u00e9, Morbier , fromage de ch\u00e8vre&#8230;. Un r\u00e9gal<\/p>\n","protected":false},"author":8,"featured_media":2463,"comment_status":"closed","ping_status":"closed","sticky":false,"template":"","format":"standard","meta":[],"categories":[4,6],"tags":[],"_links":{"self":[{"href":"https:\/\/www.sacrecoeurvercel.com\/index.php\/wp-json\/wp\/v2\/posts\/2460"}],"collection":[{"href":"https:\/\/www.sacrecoeurvercel.com\/index.php\/wp-json\/wp\/v2\/posts"}],"about":[{"href":"https:\/\/www.sacrecoeurvercel.com\/index.php\/wp-json\/wp\/v2\/types\/post"}],"author":[{"embeddable":true,"href":"https:\/\/www.sacrecoeurvercel.com\/index.php\/wp-json\/wp\/v2\/users\/8"}],"replies":[{"embeddable":true,"href":"https:\/\/www.sacrecoeurvercel.com\/index.php\/wp-json\/wp\/v2\/comments?post=2460"}],"version-history":[{"count":1,"href":"https:\/\/www.sacrecoeurvercel.com\/index.php\/wp-json\/wp\/v2\/posts\/2460\/revisions"}],"predecessor-version":[{"id":2464,"href":"https:\/\/www.sacrecoeurvercel.com\/index.php\/wp-json\/wp\/v2\/posts\/2460\/revisions\/2464"}],"wp:featuredmedia":[{"embeddable":true,"href":"https:\/\/www.sacrecoeurvercel.com\/index.php\/wp-json\/wp\/v2\/media\/2463"}],"wp:attachment":[{"href":"https:\/\/www.sacrecoeurvercel.com\/index.php\/wp-json\/wp\/v2\/media?parent=2460"}],"wp:term":[{"taxonomy":"category","embeddable":true,"href":"https:\/\/www.sacrecoeurvercel.com\/index.php\/wp-json\/wp\/v2\/categories?post=2460"},{"taxonomy":"post_tag","embeddable":true,"href":"https:\/\/www.sacrecoeurvercel.com\/index.php\/wp-json\/wp\/v2\/tags?post=2460"}],"curies":[{"name":"wp","href":"https:\/\/api.w.org\/{rel}","templated":true}]}}