{"id":2488,"date":"2021-11-22T12:17:58","date_gmt":"2021-11-22T12:17:58","guid":{"rendered":"https:\/\/www.sacrecoeurvercel.com\/?p=2488"},"modified":"2021-11-25T09:15:56","modified_gmt":"2021-11-25T09:15:56","slug":"remise-des-diplomes-2","status":"publish","type":"post","link":"https:\/\/www.sacrecoeurvercel.com\/index.php\/2021\/11\/22\/remise-des-diplomes-2\/","title":{"rendered":"Remise des dipl\u00f4mes"},"content":{"rendered":"\n<p>Remise du Dipl\u00f4me National du Brevet pour nos anciens \u00e9l\u00e8ves de 3 ieme Vendredi 19 Novembre 2021Madame Chays, ancienne directrice de l&rsquo;\u00e9tablissement avait fait le d\u00e9placement pour remettre les dipl\u00f4mes, avec Mme LE HIR, maire de Valdahon,  Pascale DROZ, adjointe \u00e0 la mairie de Vercel et Mme DEAU, la nouvelle directrice de l&rsquo;\u00e9tablissement.Beaucoup d&rsquo;\u00e9motions pour nos nouveaux dipl\u00f4m\u00e9s!<strong>F\u00e9licitations<\/strong> \u00e0 eux et bonne continuation \u00e0 tous  <img decoding=\"async\" loading=\"lazy\" width=\"16\" height=\"16\" alt=\"\ud83e\udd73\" src=\"https:\/\/static.xx.fbcdn.net\/images\/emoji.php\/v9\/t6d\/1\/16\/1f973.png\"><\/p>\n\n\n\n<div class=\"wp-block-image\"><figure class=\"aligncenter size-large is-resized\"><img decoding=\"async\" loading=\"lazy\" src=\"https:\/\/www.sacrecoeurvercel.com\/wp-content\/uploads\/2021\/11\/remise-1-1024x768.jpg\" alt=\"\" class=\"wp-image-2489\" width=\"500\" height=\"376\" srcset=\"https:\/\/www.sacrecoeurvercel.com\/wp-content\/uploads\/2021\/11\/remise-1-1024x768.jpg 1024w, https:\/\/www.sacrecoeurvercel.com\/wp-content\/uploads\/2021\/11\/remise-1-300x225.jpg 300w, https:\/\/www.sacrecoeurvercel.com\/wp-content\/uploads\/2021\/11\/remise-1-768x576.jpg 768w, https:\/\/www.sacrecoeurvercel.com\/wp-content\/uploads\/2021\/11\/remise-1-1536x1152.jpg 1536w, https:\/\/www.sacrecoeurvercel.com\/wp-content\/uploads\/2021\/11\/remise-1.jpg 2048w\" sizes=\"(max-width: 500px) 100vw, 500px\" \/><\/figure><\/div>\n\n\n\n<figure class=\"is-layout-flex wp-block-gallery-1 wp-block-gallery columns-0 is-cropped\"><ul class=\"blocks-gallery-grid\"><\/ul><\/figure>\n\n\n\n<div class=\"wp-block-image\"><figure class=\"alignright size-large is-resized\"><img decoding=\"async\" loading=\"lazy\" src=\"https:\/\/www.sacrecoeurvercel.com\/wp-content\/uploads\/2021\/11\/remise-2-768x1024.jpg\" alt=\"\" class=\"wp-image-2490\" width=\"429\" height=\"572\" srcset=\"https:\/\/www.sacrecoeurvercel.com\/wp-content\/uploads\/2021\/11\/remise-2-768x1024.jpg 768w, https:\/\/www.sacrecoeurvercel.com\/wp-content\/uploads\/2021\/11\/remise-2-225x300.jpg 225w, https:\/\/www.sacrecoeurvercel.com\/wp-content\/uploads\/2021\/11\/remise-2-300x400.jpg 300w, https:\/\/www.sacrecoeurvercel.com\/wp-content\/uploads\/2021\/11\/remise-2-1152x1536.jpg 1152w, https:\/\/www.sacrecoeurvercel.com\/wp-content\/uploads\/2021\/11\/remise-2.jpg 1536w\" sizes=\"(max-width: 429px) 100vw, 429px\" \/><\/figure><\/div>\n\n\n\n<figure class=\"wp-block-image size-large is-resized\"><img decoding=\"async\" loading=\"lazy\" src=\"https:\/\/www.sacrecoeurvercel.com\/wp-content\/uploads\/2021\/11\/remise-4-768x1024.jpg\" alt=\"\" class=\"wp-image-2493\" width=\"389\" height=\"519\" srcset=\"https:\/\/www.sacrecoeurvercel.com\/wp-content\/uploads\/2021\/11\/remise-4-768x1024.jpg 768w, https:\/\/www.sacrecoeurvercel.com\/wp-content\/uploads\/2021\/11\/remise-4-225x300.jpg 225w, https:\/\/www.sacrecoeurvercel.com\/wp-content\/uploads\/2021\/11\/remise-4-300x400.jpg 300w, https:\/\/www.sacrecoeurvercel.com\/wp-content\/uploads\/2021\/11\/remise-4-1152x1536.jpg 1152w, https:\/\/www.sacrecoeurvercel.com\/wp-content\/uploads\/2021\/11\/remise-4.jpg 1536w\" sizes=\"(max-width: 389px) 100vw, 389px\" \/><\/figure>\n","protected":false},"excerpt":{"rendered":"<p>Remise du Dipl\u00f4me National du Brevet pour nos anciens \u00e9l\u00e8ves de 3 ieme Vendredi 19 Novembre 2021Madame Chays, ancienne directrice de l&rsquo;\u00e9tablissement avait fait le d\u00e9placement pour remettre les dipl\u00f4mes, avec Mme LE HIR, maire&#8230;<\/p>\n","protected":false},"author":8,"featured_media":2489,"comment_status":"closed","ping_status":"closed","sticky":false,"template":"","format":"standard","meta":[],"categories":[7,4],"tags":[],"_links":{"self":[{"href":"https:\/\/www.sacrecoeurvercel.com\/index.php\/wp-json\/wp\/v2\/posts\/2488"}],"collection":[{"href":"https:\/\/www.sacrecoeurvercel.com\/index.php\/wp-json\/wp\/v2\/posts"}],"about":[{"href":"https:\/\/www.sacrecoeurvercel.com\/index.php\/wp-json\/wp\/v2\/types\/post"}],"author":[{"embeddable":true,"href":"https:\/\/www.sacrecoeurvercel.com\/index.php\/wp-json\/wp\/v2\/users\/8"}],"replies":[{"embeddable":true,"href":"https:\/\/www.sacrecoeurvercel.com\/index.php\/wp-json\/wp\/v2\/comments?post=2488"}],"version-history":[{"count":3,"href":"https:\/\/www.sacrecoeurvercel.com\/index.php\/wp-json\/wp\/v2\/posts\/2488\/revisions"}],"predecessor-version":[{"id":2496,"href":"https:\/\/www.sacrecoeurvercel.com\/index.php\/wp-json\/wp\/v2\/posts\/2488\/revisions\/2496"}],"wp:featuredmedia":[{"embeddable":true,"href":"https:\/\/www.sacrecoeurvercel.com\/index.php\/wp-json\/wp\/v2\/media\/2489"}],"wp:attachment":[{"href":"https:\/\/www.sacrecoeurvercel.com\/index.php\/wp-json\/wp\/v2\/media?parent=2488"}],"wp:term":[{"taxonomy":"category","embeddable":true,"href":"https:\/\/www.sacrecoeurvercel.com\/index.php\/wp-json\/wp\/v2\/categories?post=2488"},{"taxonomy":"post_tag","embeddable":true,"href":"https:\/\/www.sacrecoeurvercel.com\/index.php\/wp-json\/wp\/v2\/tags?post=2488"}],"curies":[{"name":"wp","href":"https:\/\/api.w.org\/{rel}","templated":true}]}}