{"id":2511,"date":"2021-12-06T11:31:16","date_gmt":"2021-12-06T11:31:16","guid":{"rendered":"https:\/\/www.sacrecoeurvercel.com\/?p=2511"},"modified":"2021-12-06T11:36:37","modified_gmt":"2021-12-06T11:36:37","slug":"atelier-cirques","status":"publish","type":"post","link":"https:\/\/www.sacrecoeurvercel.com\/index.php\/2021\/12\/06\/atelier-cirques\/","title":{"rendered":"ATELIER CIRQUES"},"content":{"rendered":"\n<figure class=\"wp-block-image size-full is-resized\"><img decoding=\"async\" loading=\"lazy\" src=\"https:\/\/www.sacrecoeurvercel.com\/wp-content\/uploads\/2021\/12\/atelier-cirque-1.jpg\" alt=\"\" class=\"wp-image-2512\" width=\"447\" height=\"335\" srcset=\"https:\/\/www.sacrecoeurvercel.com\/wp-content\/uploads\/2021\/12\/atelier-cirque-1.jpg 828w, https:\/\/www.sacrecoeurvercel.com\/wp-content\/uploads\/2021\/12\/atelier-cirque-1-300x225.jpg 300w, https:\/\/www.sacrecoeurvercel.com\/wp-content\/uploads\/2021\/12\/atelier-cirque-1-768x576.jpg 768w\" sizes=\"(max-width: 447px) 100vw, 447px\" \/><figcaption>Les \u00e9l\u00e8ves du coll\u00e8ge en atelier, le vendredi apr\u00e8s midi : initiation \u00e0 la jonglerie, \u00e0 l\u2019acrobatie&#8230;.<\/figcaption><\/figure>\n\n\n\n<div class=\"wp-block-image\"><figure class=\"alignright size-large is-resized\"><img decoding=\"async\" loading=\"lazy\" src=\"https:\/\/www.sacrecoeurvercel.com\/wp-content\/uploads\/2021\/12\/atelier-cirque-768x1024.jpg\" alt=\"\" class=\"wp-image-2513\" width=\"358\" height=\"477\" srcset=\"https:\/\/www.sacrecoeurvercel.com\/wp-content\/uploads\/2021\/12\/atelier-cirque-768x1024.jpg 768w, https:\/\/www.sacrecoeurvercel.com\/wp-content\/uploads\/2021\/12\/atelier-cirque-225x300.jpg 225w, https:\/\/www.sacrecoeurvercel.com\/wp-content\/uploads\/2021\/12\/atelier-cirque-300x400.jpg 300w, https:\/\/www.sacrecoeurvercel.com\/wp-content\/uploads\/2021\/12\/atelier-cirque.jpg 828w\" sizes=\"(max-width: 358px) 100vw, 358px\" \/><\/figure><\/div>\n","protected":false},"excerpt":{"rendered":"<p>Les \u00e9l\u00e8ves du coll\u00e8ge en atelier, le vendredi apr\u00e8s midi : initiation \u00e0 la jonglerie, \u00e0 l\u2019acrobatie&#8230;.<\/p>\n","protected":false},"author":8,"featured_media":2512,"comment_status":"closed","ping_status":"closed","sticky":false,"template":"","format":"standard","meta":[],"categories":[23,13],"tags":[],"_links":{"self":[{"href":"https:\/\/www.sacrecoeurvercel.com\/index.php\/wp-json\/wp\/v2\/posts\/2511"}],"collection":[{"href":"https:\/\/www.sacrecoeurvercel.com\/index.php\/wp-json\/wp\/v2\/posts"}],"about":[{"href":"https:\/\/www.sacrecoeurvercel.com\/index.php\/wp-json\/wp\/v2\/types\/post"}],"author":[{"embeddable":true,"href":"https:\/\/www.sacrecoeurvercel.com\/index.php\/wp-json\/wp\/v2\/users\/8"}],"replies":[{"embeddable":true,"href":"https:\/\/www.sacrecoeurvercel.com\/index.php\/wp-json\/wp\/v2\/comments?post=2511"}],"version-history":[{"count":3,"href":"https:\/\/www.sacrecoeurvercel.com\/index.php\/wp-json\/wp\/v2\/posts\/2511\/revisions"}],"predecessor-version":[{"id":2519,"href":"https:\/\/www.sacrecoeurvercel.com\/index.php\/wp-json\/wp\/v2\/posts\/2511\/revisions\/2519"}],"wp:featuredmedia":[{"embeddable":true,"href":"https:\/\/www.sacrecoeurvercel.com\/index.php\/wp-json\/wp\/v2\/media\/2512"}],"wp:attachment":[{"href":"https:\/\/www.sacrecoeurvercel.com\/index.php\/wp-json\/wp\/v2\/media?parent=2511"}],"wp:term":[{"taxonomy":"category","embeddable":true,"href":"https:\/\/www.sacrecoeurvercel.com\/index.php\/wp-json\/wp\/v2\/categories?post=2511"},{"taxonomy":"post_tag","embeddable":true,"href":"https:\/\/www.sacrecoeurvercel.com\/index.php\/wp-json\/wp\/v2\/tags?post=2511"}],"curies":[{"name":"wp","href":"https:\/\/api.w.org\/{rel}","templated":true}]}}