{"id":2602,"date":"2022-03-10T16:50:23","date_gmt":"2022-03-10T16:50:23","guid":{"rendered":"https:\/\/www.sacrecoeurvercel.com\/?p=2602"},"modified":"2022-03-10T16:50:23","modified_gmt":"2022-03-10T16:50:23","slug":"solidarite-pour-aider-les-ukrainiens","status":"publish","type":"post","link":"https:\/\/www.sacrecoeurvercel.com\/index.php\/2022\/03\/10\/solidarite-pour-aider-les-ukrainiens\/","title":{"rendered":"Solidarit\u00e9 pour aider les ukrainiens"},"content":{"rendered":"\n<p>Chaine de la solidarit\u00e9 organis\u00e9e au Sacr\u00e9 C\u0153ur avec une collecte, pour venir en aide aux Ukrainiens.<\/p>\n\n\n\n<p>Il est demand\u00e9 : <\/p>\n\n\n\n<p>Produits m\u00e9dicaux, produits d&rsquo;hygi\u00e8ne , produits d&rsquo;alimentation (conserves, sucre, huile, fruits secs, p\u00e2tes, riz,c\u00e9r\u00e9ales&#8230;)Couches b\u00e9b\u00e9, lait maternis\u00e9, couvertures, sacs de couchage, chargeurs de t\u00e9l\u00e9phone&#8230;<\/p>\n\n\n\n<p>MERCI DE D\u00c9POSER VOS DONS A L&rsquo;ACCUEIL AU SECR\u00c9TARIAT Du Groupe Scolaire du Sacr\u00e9 Coeur jusqu&rsquo;au 18\/03\/2022.<\/p>\n\n\n\n<p> Besoins de b\u00e9n\u00e9voles pour le tri \u00e0 Valdahon.<\/p>\n\n\n\n<p>Les permanences ont lieu le Mardi de 16h \u00e0 18h30,le mercredi de 14h \u00e0 16h30Le samedi de 14h \u00e0 18h30Dans les anciens locaux du LIDL ( Grand rue \u00e0 Valdahon)<\/p>\n\n\n\n<p>Merci pour votre aide<\/p>\n","protected":false},"excerpt":{"rendered":"<p>Chaine de la solidarit\u00e9 organis\u00e9e au Sacr\u00e9 C\u0153ur avec une collecte, pour venir en aide aux Ukrainiens. Il est demand\u00e9 : Produits m\u00e9dicaux, produits d&rsquo;hygi\u00e8ne , produits d&rsquo;alimentation (conserves, sucre, huile, fruits secs, p\u00e2tes, riz,c\u00e9r\u00e9ales&#8230;)Couches&#8230;<\/p>\n","protected":false},"author":8,"featured_media":2603,"comment_status":"closed","ping_status":"closed","sticky":false,"template":"","format":"standard","meta":[],"categories":[7,4,6],"tags":[],"_links":{"self":[{"href":"https:\/\/www.sacrecoeurvercel.com\/index.php\/wp-json\/wp\/v2\/posts\/2602"}],"collection":[{"href":"https:\/\/www.sacrecoeurvercel.com\/index.php\/wp-json\/wp\/v2\/posts"}],"about":[{"href":"https:\/\/www.sacrecoeurvercel.com\/index.php\/wp-json\/wp\/v2\/types\/post"}],"author":[{"embeddable":true,"href":"https:\/\/www.sacrecoeurvercel.com\/index.php\/wp-json\/wp\/v2\/users\/8"}],"replies":[{"embeddable":true,"href":"https:\/\/www.sacrecoeurvercel.com\/index.php\/wp-json\/wp\/v2\/comments?post=2602"}],"version-history":[{"count":1,"href":"https:\/\/www.sacrecoeurvercel.com\/index.php\/wp-json\/wp\/v2\/posts\/2602\/revisions"}],"predecessor-version":[{"id":2604,"href":"https:\/\/www.sacrecoeurvercel.com\/index.php\/wp-json\/wp\/v2\/posts\/2602\/revisions\/2604"}],"wp:featuredmedia":[{"embeddable":true,"href":"https:\/\/www.sacrecoeurvercel.com\/index.php\/wp-json\/wp\/v2\/media\/2603"}],"wp:attachment":[{"href":"https:\/\/www.sacrecoeurvercel.com\/index.php\/wp-json\/wp\/v2\/media?parent=2602"}],"wp:term":[{"taxonomy":"category","embeddable":true,"href":"https:\/\/www.sacrecoeurvercel.com\/index.php\/wp-json\/wp\/v2\/categories?post=2602"},{"taxonomy":"post_tag","embeddable":true,"href":"https:\/\/www.sacrecoeurvercel.com\/index.php\/wp-json\/wp\/v2\/tags?post=2602"}],"curies":[{"name":"wp","href":"https:\/\/api.w.org\/{rel}","templated":true}]}}