{"id":2606,"date":"2022-03-24T15:09:20","date_gmt":"2022-03-24T15:09:20","guid":{"rendered":"https:\/\/www.sacrecoeurvercel.com\/?p=2606"},"modified":"2022-03-24T15:09:20","modified_gmt":"2022-03-24T15:09:20","slug":"nos-collegiens-fetent-la-saint-patrick","status":"publish","type":"post","link":"https:\/\/www.sacrecoeurvercel.com\/index.php\/2022\/03\/24\/nos-collegiens-fetent-la-saint-patrick\/","title":{"rendered":"Nos coll\u00e9giens f\u00eatent la Saint Patrick"},"content":{"rendered":"\n<p>Le jeudi 17 mars, les 6e et 5e ont d\u00e9couvert la f\u00eate de la St Patrick, en cours d&rsquo;anglais, avec Mme Piquet Pour l&rsquo;occasion certains se sont m\u00eame pr\u00eat\u00e9s au jeu en portant du vert comme le veut la tradition. Happy St Patrick&rsquo;s Day to y&rsquo;all !<\/p>\n\n\n\n<figure class=\"wp-block-image size-large is-resized\"><img decoding=\"async\" loading=\"lazy\" src=\"https:\/\/www.sacrecoeurvercel.com\/wp-content\/uploads\/2022\/03\/anglais-3-1024x576.jpg\" alt=\"\" class=\"wp-image-2607\" width=\"372\" height=\"208\" srcset=\"https:\/\/www.sacrecoeurvercel.com\/wp-content\/uploads\/2022\/03\/anglais-3-1024x576.jpg 1024w, https:\/\/www.sacrecoeurvercel.com\/wp-content\/uploads\/2022\/03\/anglais-3-300x169.jpg 300w, https:\/\/www.sacrecoeurvercel.com\/wp-content\/uploads\/2022\/03\/anglais-3-768x432.jpg 768w, https:\/\/www.sacrecoeurvercel.com\/wp-content\/uploads\/2022\/03\/anglais-3-1536x864.jpg 1536w, https:\/\/www.sacrecoeurvercel.com\/wp-content\/uploads\/2022\/03\/anglais-3-777x437.jpg 777w, https:\/\/www.sacrecoeurvercel.com\/wp-content\/uploads\/2022\/03\/anglais-3-260x146.jpg 260w, https:\/\/www.sacrecoeurvercel.com\/wp-content\/uploads\/2022\/03\/anglais-3-120x67.jpg 120w, https:\/\/www.sacrecoeurvercel.com\/wp-content\/uploads\/2022\/03\/anglais-3.jpg 2048w\" sizes=\"(max-width: 372px) 100vw, 372px\" \/><\/figure>\n\n\n\n<div class=\"wp-block-image\"><figure class=\"alignright size-large is-resized\"><img decoding=\"async\" loading=\"lazy\" src=\"https:\/\/www.sacrecoeurvercel.com\/wp-content\/uploads\/2022\/03\/anglais-1-1024x576.jpg\" alt=\"\" class=\"wp-image-2610\" width=\"389\" height=\"218\" srcset=\"https:\/\/www.sacrecoeurvercel.com\/wp-content\/uploads\/2022\/03\/anglais-1-1024x576.jpg 1024w, https:\/\/www.sacrecoeurvercel.com\/wp-content\/uploads\/2022\/03\/anglais-1-300x169.jpg 300w, https:\/\/www.sacrecoeurvercel.com\/wp-content\/uploads\/2022\/03\/anglais-1-768x432.jpg 768w, https:\/\/www.sacrecoeurvercel.com\/wp-content\/uploads\/2022\/03\/anglais-1-1536x864.jpg 1536w, https:\/\/www.sacrecoeurvercel.com\/wp-content\/uploads\/2022\/03\/anglais-1-777x437.jpg 777w, https:\/\/www.sacrecoeurvercel.com\/wp-content\/uploads\/2022\/03\/anglais-1-260x146.jpg 260w, https:\/\/www.sacrecoeurvercel.com\/wp-content\/uploads\/2022\/03\/anglais-1-120x67.jpg 120w, https:\/\/www.sacrecoeurvercel.com\/wp-content\/uploads\/2022\/03\/anglais-1.jpg 2048w\" sizes=\"(max-width: 389px) 100vw, 389px\" \/><\/figure><\/div>\n","protected":false},"excerpt":{"rendered":"<p>Le jeudi 17 mars, les 6e et 5e ont d\u00e9couvert la f\u00eate de la St Patrick, en cours d&rsquo;anglais, avec Mme Piquet Pour l&rsquo;occasion certains se sont m\u00eame pr\u00eat\u00e9s au jeu en portant du vert&#8230;<\/p>\n","protected":false},"author":8,"featured_media":2609,"comment_status":"closed","ping_status":"closed","sticky":false,"template":"","format":"standard","meta":[],"categories":[7,9],"tags":[],"_links":{"self":[{"href":"https:\/\/www.sacrecoeurvercel.com\/index.php\/wp-json\/wp\/v2\/posts\/2606"}],"collection":[{"href":"https:\/\/www.sacrecoeurvercel.com\/index.php\/wp-json\/wp\/v2\/posts"}],"about":[{"href":"https:\/\/www.sacrecoeurvercel.com\/index.php\/wp-json\/wp\/v2\/types\/post"}],"author":[{"embeddable":true,"href":"https:\/\/www.sacrecoeurvercel.com\/index.php\/wp-json\/wp\/v2\/users\/8"}],"replies":[{"embeddable":true,"href":"https:\/\/www.sacrecoeurvercel.com\/index.php\/wp-json\/wp\/v2\/comments?post=2606"}],"version-history":[{"count":1,"href":"https:\/\/www.sacrecoeurvercel.com\/index.php\/wp-json\/wp\/v2\/posts\/2606\/revisions"}],"predecessor-version":[{"id":2611,"href":"https:\/\/www.sacrecoeurvercel.com\/index.php\/wp-json\/wp\/v2\/posts\/2606\/revisions\/2611"}],"wp:featuredmedia":[{"embeddable":true,"href":"https:\/\/www.sacrecoeurvercel.com\/index.php\/wp-json\/wp\/v2\/media\/2609"}],"wp:attachment":[{"href":"https:\/\/www.sacrecoeurvercel.com\/index.php\/wp-json\/wp\/v2\/media?parent=2606"}],"wp:term":[{"taxonomy":"category","embeddable":true,"href":"https:\/\/www.sacrecoeurvercel.com\/index.php\/wp-json\/wp\/v2\/categories?post=2606"},{"taxonomy":"post_tag","embeddable":true,"href":"https:\/\/www.sacrecoeurvercel.com\/index.php\/wp-json\/wp\/v2\/tags?post=2606"}],"curies":[{"name":"wp","href":"https:\/\/api.w.org\/{rel}","templated":true}]}}