{"id":2658,"date":"2022-04-25T11:25:00","date_gmt":"2022-04-25T11:25:00","guid":{"rendered":"https:\/\/www.sacrecoeurvercel.com\/?p=2658"},"modified":"2022-04-20T11:28:58","modified_gmt":"2022-04-20T11:28:58","slug":"quand-nos-eleves-rencontrent-lart","status":"publish","type":"post","link":"https:\/\/www.sacrecoeurvercel.com\/index.php\/2022\/04\/25\/quand-nos-eleves-rencontrent-lart\/","title":{"rendered":"Quand nos \u00e9l\u00e8ves rencontrent l&rsquo;art&#8230;"},"content":{"rendered":"\n<p>Plusieurs \u00e9l\u00e8ves du coll\u00e8ge ont r\u00e9alis\u00e9s ces tableaux, pendant un des ateliers organis\u00e9s le vendredi apr\u00e8s midi.Merci \u00e0 Mme <a href=\"https:\/\/www.facebook.com\/sandrine.detouillon.9?__cft__[0]=AZVPyJRAmCd_VWqTobcV16DmS4ytxAJ_nPN-CPpiI4YPpitSUulNr-GoloYhacg2YHWGDSr4phZSdQUcj2pt5O4eLpS7ngHZZl25DNW-BJCRR4Y4sR-zUdq36rfk4e87KvG4XHEI6zNE580RA-T83bub2TtUF3bCgLnhG0Z9i3OGYvccWKW1ZlBrj682QmZ-dAw&amp;__tn__=-]K-R\">Sandrine Detouillon<\/a> , professeur d&rsquo;arts plastiques.Notre hall d&rsquo;accueil est au top !<img decoding=\"async\" loading=\"lazy\" alt=\"\ud83e\udd70\" src=\"https:\/\/static.xx.fbcdn.net\/images\/emoji.php\/v9\/tea\/1\/16\/1f970.png\" width=\"16\" height=\"16\"><\/p>\n\n\n\n<div class=\"wp-block-image\"><figure class=\"aligncenter size-large is-resized\"><img decoding=\"async\" loading=\"lazy\" src=\"https:\/\/www.sacrecoeurvercel.com\/wp-content\/uploads\/2022\/04\/art1-1024x768.jpg\" alt=\"\" class=\"wp-image-2660\" width=\"804\" height=\"604\" srcset=\"https:\/\/www.sacrecoeurvercel.com\/wp-content\/uploads\/2022\/04\/art1-1024x768.jpg 1024w, https:\/\/www.sacrecoeurvercel.com\/wp-content\/uploads\/2022\/04\/art1-300x225.jpg 300w, https:\/\/www.sacrecoeurvercel.com\/wp-content\/uploads\/2022\/04\/art1-768x576.jpg 768w, https:\/\/www.sacrecoeurvercel.com\/wp-content\/uploads\/2022\/04\/art1-1536x1152.jpg 1536w, https:\/\/www.sacrecoeurvercel.com\/wp-content\/uploads\/2022\/04\/art1.jpg 2048w\" sizes=\"(max-width: 804px) 100vw, 804px\" \/><\/figure><\/div>\n\n\n\n<div class=\"is-layout-flex wp-container-6 wp-block-columns\">\n<div class=\"is-layout-flow wp-block-column\" style=\"flex-basis:100%\">\n<div class=\"is-layout-flex wp-container-4 wp-block-columns\">\n<div class=\"is-layout-flow wp-block-column\" style=\"flex-basis:100%\">\n<figure class=\"is-layout-flex wp-block-gallery-1 wp-block-gallery aligncenter columns-1 is-cropped\"><ul class=\"blocks-gallery-grid\"><li class=\"blocks-gallery-item\"><figure><img decoding=\"async\" loading=\"lazy\" width=\"1024\" height=\"768\" src=\"https:\/\/www.sacrecoeurvercel.com\/wp-content\/uploads\/2022\/04\/art-2-1-1024x768.jpg\" alt=\"\" data-id=\"2661\" data-full-url=\"https:\/\/www.sacrecoeurvercel.com\/wp-content\/uploads\/2022\/04\/art-2-1.jpg\" data-link=\"https:\/\/www.sacrecoeurvercel.com\/?attachment_id=2661\" class=\"wp-image-2661\" srcset=\"https:\/\/www.sacrecoeurvercel.com\/wp-content\/uploads\/2022\/04\/art-2-1-1024x768.jpg 1024w, https:\/\/www.sacrecoeurvercel.com\/wp-content\/uploads\/2022\/04\/art-2-1-300x225.jpg 300w, https:\/\/www.sacrecoeurvercel.com\/wp-content\/uploads\/2022\/04\/art-2-1-768x576.jpg 768w, https:\/\/www.sacrecoeurvercel.com\/wp-content\/uploads\/2022\/04\/art-2-1-1536x1152.jpg 1536w, https:\/\/www.sacrecoeurvercel.com\/wp-content\/uploads\/2022\/04\/art-2-1.jpg 2048w\" sizes=\"(max-width: 1024px) 100vw, 1024px\" \/><\/figure><\/li><\/ul><\/figure>\n<\/div>\n<\/div>\n<\/div>\n<\/div>\n","protected":false},"excerpt":{"rendered":"<p>Plusieurs \u00e9l\u00e8ves du coll\u00e8ge ont r\u00e9alis\u00e9s ces tableaux, pendant un des ateliers organis\u00e9s le vendredi apr\u00e8s midi.Merci \u00e0 Mme Sandrine Detouillon , professeur d&rsquo;arts plastiques.Notre hall d&rsquo;accueil est au top !<\/p>\n","protected":false},"author":8,"featured_media":2662,"comment_status":"closed","ping_status":"closed","sticky":false,"template":"","format":"standard","meta":[],"categories":[7,4,11,23],"tags":[],"_links":{"self":[{"href":"https:\/\/www.sacrecoeurvercel.com\/index.php\/wp-json\/wp\/v2\/posts\/2658"}],"collection":[{"href":"https:\/\/www.sacrecoeurvercel.com\/index.php\/wp-json\/wp\/v2\/posts"}],"about":[{"href":"https:\/\/www.sacrecoeurvercel.com\/index.php\/wp-json\/wp\/v2\/types\/post"}],"author":[{"embeddable":true,"href":"https:\/\/www.sacrecoeurvercel.com\/index.php\/wp-json\/wp\/v2\/users\/8"}],"replies":[{"embeddable":true,"href":"https:\/\/www.sacrecoeurvercel.com\/index.php\/wp-json\/wp\/v2\/comments?post=2658"}],"version-history":[{"count":1,"href":"https:\/\/www.sacrecoeurvercel.com\/index.php\/wp-json\/wp\/v2\/posts\/2658\/revisions"}],"predecessor-version":[{"id":2663,"href":"https:\/\/www.sacrecoeurvercel.com\/index.php\/wp-json\/wp\/v2\/posts\/2658\/revisions\/2663"}],"wp:featuredmedia":[{"embeddable":true,"href":"https:\/\/www.sacrecoeurvercel.com\/index.php\/wp-json\/wp\/v2\/media\/2662"}],"wp:attachment":[{"href":"https:\/\/www.sacrecoeurvercel.com\/index.php\/wp-json\/wp\/v2\/media?parent=2658"}],"wp:term":[{"taxonomy":"category","embeddable":true,"href":"https:\/\/www.sacrecoeurvercel.com\/index.php\/wp-json\/wp\/v2\/categories?post=2658"},{"taxonomy":"post_tag","embeddable":true,"href":"https:\/\/www.sacrecoeurvercel.com\/index.php\/wp-json\/wp\/v2\/tags?post=2658"}],"curies":[{"name":"wp","href":"https:\/\/api.w.org\/{rel}","templated":true}]}}