{"id":2672,"date":"2022-05-06T15:00:00","date_gmt":"2022-05-06T15:00:00","guid":{"rendered":"https:\/\/www.sacrecoeurvercel.com\/?p=2672"},"modified":"2022-05-03T15:05:56","modified_gmt":"2022-05-03T15:05:56","slug":"atelier-avec-les-amis-du-comte-et-nos-eleves-de-primaire","status":"publish","type":"post","link":"https:\/\/www.sacrecoeurvercel.com\/index.php\/2022\/05\/06\/atelier-avec-les-amis-du-comte-et-nos-eleves-de-primaire\/","title":{"rendered":"Atelier avec les Amis du Comt\u00e9 et nos \u00e9l\u00e8ves de primaire&#8230;"},"content":{"rendered":"\n<div class=\"wp-block-image\"><figure class=\"aligncenter size-large is-resized\"><img decoding=\"async\" loading=\"lazy\" src=\"https:\/\/www.sacrecoeurvercel.com\/wp-content\/uploads\/2022\/05\/comte-prim-5-768x1024.jpg\" alt=\"\" class=\"wp-image-2673\" width=\"243\" height=\"324\" srcset=\"https:\/\/www.sacrecoeurvercel.com\/wp-content\/uploads\/2022\/05\/comte-prim-5-768x1024.jpg 768w, https:\/\/www.sacrecoeurvercel.com\/wp-content\/uploads\/2022\/05\/comte-prim-5-225x300.jpg 225w, https:\/\/www.sacrecoeurvercel.com\/wp-content\/uploads\/2022\/05\/comte-prim-5-300x400.jpg 300w, https:\/\/www.sacrecoeurvercel.com\/wp-content\/uploads\/2022\/05\/comte-prim-5-1152x1536.jpg 1152w, https:\/\/www.sacrecoeurvercel.com\/wp-content\/uploads\/2022\/05\/comte-prim-5.jpg 1536w\" sizes=\"(max-width: 243px) 100vw, 243px\" \/><\/figure><\/div>\n\n\n\n<div class=\"wp-block-image\"><figure class=\"alignright size-large is-resized\"><img decoding=\"async\" loading=\"lazy\" src=\"https:\/\/www.sacrecoeurvercel.com\/wp-content\/uploads\/2022\/05\/comte-prim-1-768x1024.jpg\" alt=\"\" class=\"wp-image-2677\" width=\"334\" height=\"445\" srcset=\"https:\/\/www.sacrecoeurvercel.com\/wp-content\/uploads\/2022\/05\/comte-prim-1-768x1024.jpg 768w, https:\/\/www.sacrecoeurvercel.com\/wp-content\/uploads\/2022\/05\/comte-prim-1-225x300.jpg 225w, https:\/\/www.sacrecoeurvercel.com\/wp-content\/uploads\/2022\/05\/comte-prim-1-300x400.jpg 300w, https:\/\/www.sacrecoeurvercel.com\/wp-content\/uploads\/2022\/05\/comte-prim-1-1152x1536.jpg 1152w, https:\/\/www.sacrecoeurvercel.com\/wp-content\/uploads\/2022\/05\/comte-prim-1.jpg 1536w\" sizes=\"(max-width: 334px) 100vw, 334px\" \/><\/figure><\/div>\n\n\n\n<figure class=\"wp-block-image size-large is-resized\"><img decoding=\"async\" loading=\"lazy\" src=\"https:\/\/www.sacrecoeurvercel.com\/wp-content\/uploads\/2022\/05\/comte-prim-4-768x1024.jpg\" alt=\"\" class=\"wp-image-2674\" width=\"332\" height=\"443\" srcset=\"https:\/\/www.sacrecoeurvercel.com\/wp-content\/uploads\/2022\/05\/comte-prim-4-768x1024.jpg 768w, https:\/\/www.sacrecoeurvercel.com\/wp-content\/uploads\/2022\/05\/comte-prim-4-225x300.jpg 225w, https:\/\/www.sacrecoeurvercel.com\/wp-content\/uploads\/2022\/05\/comte-prim-4-300x400.jpg 300w, https:\/\/www.sacrecoeurvercel.com\/wp-content\/uploads\/2022\/05\/comte-prim-4-1152x1536.jpg 1152w, https:\/\/www.sacrecoeurvercel.com\/wp-content\/uploads\/2022\/05\/comte-prim-4.jpg 1536w\" sizes=\"(max-width: 332px) 100vw, 332px\" \/><\/figure>\n\n\n\n<p>Atelier du 03\/05\/2022 avec \u00ab\u00a0Les Amis du Comt\u00e9\u00a0\u00bb pour nos \u00e9l\u00e8ves du primaire:<\/p>\n\n\n\n<p>Comment fait on un fromage? Cr\u00e9ation d&rsquo;un fromage, et d\u00e9gustation&#8230;..<\/p>\n","protected":false},"excerpt":{"rendered":"<p>Atelier du 03\/05\/2022 avec \u00ab\u00a0Les Amis du Comt\u00e9\u00a0\u00bb pour nos \u00e9l\u00e8ves du primaire: Comment fait on un fromage? Cr\u00e9ation d&rsquo;un fromage, et d\u00e9gustation&#8230;..<\/p>\n","protected":false},"author":8,"featured_media":2675,"comment_status":"closed","ping_status":"closed","sticky":false,"template":"","format":"standard","meta":[],"categories":[4,6],"tags":[],"_links":{"self":[{"href":"https:\/\/www.sacrecoeurvercel.com\/index.php\/wp-json\/wp\/v2\/posts\/2672"}],"collection":[{"href":"https:\/\/www.sacrecoeurvercel.com\/index.php\/wp-json\/wp\/v2\/posts"}],"about":[{"href":"https:\/\/www.sacrecoeurvercel.com\/index.php\/wp-json\/wp\/v2\/types\/post"}],"author":[{"embeddable":true,"href":"https:\/\/www.sacrecoeurvercel.com\/index.php\/wp-json\/wp\/v2\/users\/8"}],"replies":[{"embeddable":true,"href":"https:\/\/www.sacrecoeurvercel.com\/index.php\/wp-json\/wp\/v2\/comments?post=2672"}],"version-history":[{"count":1,"href":"https:\/\/www.sacrecoeurvercel.com\/index.php\/wp-json\/wp\/v2\/posts\/2672\/revisions"}],"predecessor-version":[{"id":2678,"href":"https:\/\/www.sacrecoeurvercel.com\/index.php\/wp-json\/wp\/v2\/posts\/2672\/revisions\/2678"}],"wp:featuredmedia":[{"embeddable":true,"href":"https:\/\/www.sacrecoeurvercel.com\/index.php\/wp-json\/wp\/v2\/media\/2675"}],"wp:attachment":[{"href":"https:\/\/www.sacrecoeurvercel.com\/index.php\/wp-json\/wp\/v2\/media?parent=2672"}],"wp:term":[{"taxonomy":"category","embeddable":true,"href":"https:\/\/www.sacrecoeurvercel.com\/index.php\/wp-json\/wp\/v2\/categories?post=2672"},{"taxonomy":"post_tag","embeddable":true,"href":"https:\/\/www.sacrecoeurvercel.com\/index.php\/wp-json\/wp\/v2\/tags?post=2672"}],"curies":[{"name":"wp","href":"https:\/\/api.w.org\/{rel}","templated":true}]}}