{"id":2687,"date":"2022-05-10T06:40:50","date_gmt":"2022-05-10T06:40:50","guid":{"rendered":"https:\/\/www.sacrecoeurvercel.com\/?p=2687"},"modified":"2022-05-10T06:40:50","modified_gmt":"2022-05-10T06:40:50","slug":"visite-de-la-fromagerie-de-bremondans","status":"publish","type":"post","link":"https:\/\/www.sacrecoeurvercel.com\/index.php\/2022\/05\/10\/visite-de-la-fromagerie-de-bremondans\/","title":{"rendered":"Visite de la fromagerie de Bremondans."},"content":{"rendered":"\n<p>Sortie des CP\/CE1 A et CP\/CE1B vendredi matin 06 mai \u00e0 la fromagerie de Bremondans.<\/p>\n\n\n\n<p>Matin\u00e9e appr\u00e9ci\u00e9e des enfants car ils ont assist\u00e9 \u00e0 la fabrication du fromage : le brassage des grains de caill\u00e9, le remplissage des moules perfor\u00e9s qui laissent s&rsquo;\u00e9couler le petit-lait, la visite de la cave d&rsquo;affinage avec le robot qui manipule avec dext\u00e9rit\u00e9 les meules de 40 kg !! et la d\u00e9gustation de plusieurs sortes de Comt\u00e9, vieux de 6 \u00e0 36 mois<\/p>\n\n\n\n<p>Merci aux organisateurs pour leur accueil.<\/p>\n\n\n\n<div class=\"wp-block-image\"><figure class=\"alignright size-large is-resized\"><img decoding=\"async\" loading=\"lazy\" src=\"https:\/\/www.sacrecoeurvercel.com\/wp-content\/uploads\/2022\/05\/from-3-768x1024.jpg\" alt=\"\" class=\"wp-image-2688\" width=\"257\" height=\"343\" srcset=\"https:\/\/www.sacrecoeurvercel.com\/wp-content\/uploads\/2022\/05\/from-3-768x1024.jpg 768w, https:\/\/www.sacrecoeurvercel.com\/wp-content\/uploads\/2022\/05\/from-3-225x300.jpg 225w, https:\/\/www.sacrecoeurvercel.com\/wp-content\/uploads\/2022\/05\/from-3-300x400.jpg 300w, https:\/\/www.sacrecoeurvercel.com\/wp-content\/uploads\/2022\/05\/from-3-1152x1536.jpg 1152w, https:\/\/www.sacrecoeurvercel.com\/wp-content\/uploads\/2022\/05\/from-3.jpg 1536w\" sizes=\"(max-width: 257px) 100vw, 257px\" \/><\/figure><\/div>\n\n\n\n<figure class=\"wp-block-image size-large is-resized\"><img decoding=\"async\" loading=\"lazy\" src=\"https:\/\/www.sacrecoeurvercel.com\/wp-content\/uploads\/2022\/05\/from-2-1024x768.jpg\" alt=\"\" class=\"wp-image-2689\" width=\"455\" height=\"342\" srcset=\"https:\/\/www.sacrecoeurvercel.com\/wp-content\/uploads\/2022\/05\/from-2-1024x768.jpg 1024w, https:\/\/www.sacrecoeurvercel.com\/wp-content\/uploads\/2022\/05\/from-2-300x225.jpg 300w, https:\/\/www.sacrecoeurvercel.com\/wp-content\/uploads\/2022\/05\/from-2-768x576.jpg 768w, https:\/\/www.sacrecoeurvercel.com\/wp-content\/uploads\/2022\/05\/from-2-1536x1152.jpg 1536w, https:\/\/www.sacrecoeurvercel.com\/wp-content\/uploads\/2022\/05\/from-2.jpg 2048w\" sizes=\"(max-width: 455px) 100vw, 455px\" \/><\/figure>\n\n\n\n<figure class=\"wp-block-image size-large\"><img decoding=\"async\" loading=\"lazy\" width=\"1024\" height=\"768\" src=\"https:\/\/www.sacrecoeurvercel.com\/wp-content\/uploads\/2022\/05\/fromagerie-1024x768.jpg\" alt=\"\" class=\"wp-image-2690\" srcset=\"https:\/\/www.sacrecoeurvercel.com\/wp-content\/uploads\/2022\/05\/fromagerie-1024x768.jpg 1024w, https:\/\/www.sacrecoeurvercel.com\/wp-content\/uploads\/2022\/05\/fromagerie-300x225.jpg 300w, https:\/\/www.sacrecoeurvercel.com\/wp-content\/uploads\/2022\/05\/fromagerie-768x576.jpg 768w, https:\/\/www.sacrecoeurvercel.com\/wp-content\/uploads\/2022\/05\/fromagerie-1536x1152.jpg 1536w, https:\/\/www.sacrecoeurvercel.com\/wp-content\/uploads\/2022\/05\/fromagerie.jpg 2048w\" sizes=\"(max-width: 1024px) 100vw, 1024px\" \/><\/figure>\n","protected":false},"excerpt":{"rendered":"<p>Sortie des CP\/CE1 A et CP\/CE1B vendredi matin 06 mai \u00e0 la fromagerie de Bremondans. Matin\u00e9e appr\u00e9ci\u00e9e des enfants car ils ont assist\u00e9 \u00e0 la fabrication du fromage : le brassage des grains de caill\u00e9,&#8230;<\/p>\n","protected":false},"author":8,"featured_media":2691,"comment_status":"closed","ping_status":"closed","sticky":false,"template":"","format":"standard","meta":[],"categories":[4,6],"tags":[],"_links":{"self":[{"href":"https:\/\/www.sacrecoeurvercel.com\/index.php\/wp-json\/wp\/v2\/posts\/2687"}],"collection":[{"href":"https:\/\/www.sacrecoeurvercel.com\/index.php\/wp-json\/wp\/v2\/posts"}],"about":[{"href":"https:\/\/www.sacrecoeurvercel.com\/index.php\/wp-json\/wp\/v2\/types\/post"}],"author":[{"embeddable":true,"href":"https:\/\/www.sacrecoeurvercel.com\/index.php\/wp-json\/wp\/v2\/users\/8"}],"replies":[{"embeddable":true,"href":"https:\/\/www.sacrecoeurvercel.com\/index.php\/wp-json\/wp\/v2\/comments?post=2687"}],"version-history":[{"count":1,"href":"https:\/\/www.sacrecoeurvercel.com\/index.php\/wp-json\/wp\/v2\/posts\/2687\/revisions"}],"predecessor-version":[{"id":2692,"href":"https:\/\/www.sacrecoeurvercel.com\/index.php\/wp-json\/wp\/v2\/posts\/2687\/revisions\/2692"}],"wp:featuredmedia":[{"embeddable":true,"href":"https:\/\/www.sacrecoeurvercel.com\/index.php\/wp-json\/wp\/v2\/media\/2691"}],"wp:attachment":[{"href":"https:\/\/www.sacrecoeurvercel.com\/index.php\/wp-json\/wp\/v2\/media?parent=2687"}],"wp:term":[{"taxonomy":"category","embeddable":true,"href":"https:\/\/www.sacrecoeurvercel.com\/index.php\/wp-json\/wp\/v2\/categories?post=2687"},{"taxonomy":"post_tag","embeddable":true,"href":"https:\/\/www.sacrecoeurvercel.com\/index.php\/wp-json\/wp\/v2\/tags?post=2687"}],"curies":[{"name":"wp","href":"https:\/\/api.w.org\/{rel}","templated":true}]}}