{"id":2700,"date":"2022-05-17T15:01:27","date_gmt":"2022-05-17T15:01:27","guid":{"rendered":"https:\/\/www.sacrecoeurvercel.com\/?p=2700"},"modified":"2022-05-17T15:01:27","modified_gmt":"2022-05-17T15:01:27","slug":"comment-fait-on-le-miel","status":"publish","type":"post","link":"https:\/\/www.sacrecoeurvercel.com\/index.php\/2022\/05\/17\/comment-fait-on-le-miel\/","title":{"rendered":"Comment fait on le miel?"},"content":{"rendered":"\n<p>Visite de Mme Collette Audrey, une maman d&rsquo;un de nos \u00e9l\u00e8ves, qui a expliqu\u00e9 le fonctionnement d&rsquo;une ruche, avec ses abeilles et sa reine \u00e0 nos \u00e9l\u00e8ves de Moyenne Section.La visite s&rsquo;est termin\u00e9e par la d\u00e9gustation de miel <img decoding=\"async\" loading=\"lazy\" width=\"16\" height=\"16\" alt=\"\ud83d\ude0b\" src=\"https:\/\/static.xx.fbcdn.net\/images\/emoji.php\/v9\/t0\/1\/16\/1f60b.png\"><img decoding=\"async\" loading=\"lazy\" width=\"16\" height=\"16\" alt=\"\ud83d\ude0b\" src=\"https:\/\/static.xx.fbcdn.net\/images\/emoji.php\/v9\/t0\/1\/16\/1f60b.png\"><\/p>\n\n\n\n<p>Les enfants ont \u00e9t\u00e9 ravis !<\/p>\n\n\n\n<div class=\"wp-block-image\"><figure class=\"alignright size-large is-resized\"><img decoding=\"async\" loading=\"lazy\" src=\"https:\/\/www.sacrecoeurvercel.com\/wp-content\/uploads\/2022\/05\/abeille-2-1024x768.jpg\" alt=\"\" class=\"wp-image-2702\" width=\"487\" height=\"365\" srcset=\"https:\/\/www.sacrecoeurvercel.com\/wp-content\/uploads\/2022\/05\/abeille-2-1024x768.jpg 1024w, https:\/\/www.sacrecoeurvercel.com\/wp-content\/uploads\/2022\/05\/abeille-2-300x225.jpg 300w, https:\/\/www.sacrecoeurvercel.com\/wp-content\/uploads\/2022\/05\/abeille-2-768x576.jpg 768w, https:\/\/www.sacrecoeurvercel.com\/wp-content\/uploads\/2022\/05\/abeille-2-1536x1152.jpg 1536w, https:\/\/www.sacrecoeurvercel.com\/wp-content\/uploads\/2022\/05\/abeille-2.jpg 2048w\" sizes=\"(max-width: 487px) 100vw, 487px\" \/><\/figure><\/div>\n\n\n\n<figure class=\"wp-block-image size-large is-resized\"><img decoding=\"async\" loading=\"lazy\" src=\"https:\/\/www.sacrecoeurvercel.com\/wp-content\/uploads\/2022\/05\/abeille-3-768x1024.jpg\" alt=\"\" class=\"wp-image-2701\" width=\"296\" height=\"394\" srcset=\"https:\/\/www.sacrecoeurvercel.com\/wp-content\/uploads\/2022\/05\/abeille-3-768x1024.jpg 768w, https:\/\/www.sacrecoeurvercel.com\/wp-content\/uploads\/2022\/05\/abeille-3-225x300.jpg 225w, https:\/\/www.sacrecoeurvercel.com\/wp-content\/uploads\/2022\/05\/abeille-3-300x400.jpg 300w, https:\/\/www.sacrecoeurvercel.com\/wp-content\/uploads\/2022\/05\/abeille-3-1152x1536.jpg 1152w, https:\/\/www.sacrecoeurvercel.com\/wp-content\/uploads\/2022\/05\/abeille-3.jpg 1536w\" sizes=\"(max-width: 296px) 100vw, 296px\" \/><\/figure>\n\n\n\n<div class=\"wp-block-image\"><figure class=\"alignright size-large is-resized\"><img decoding=\"async\" loading=\"lazy\" src=\"https:\/\/www.sacrecoeurvercel.com\/wp-content\/uploads\/2022\/05\/abeille-1024x768.jpg\" alt=\"\" class=\"wp-image-2704\" width=\"354\" height=\"265\" srcset=\"https:\/\/www.sacrecoeurvercel.com\/wp-content\/uploads\/2022\/05\/abeille-1024x768.jpg 1024w, https:\/\/www.sacrecoeurvercel.com\/wp-content\/uploads\/2022\/05\/abeille-300x225.jpg 300w, https:\/\/www.sacrecoeurvercel.com\/wp-content\/uploads\/2022\/05\/abeille-768x576.jpg 768w, https:\/\/www.sacrecoeurvercel.com\/wp-content\/uploads\/2022\/05\/abeille-1536x1152.jpg 1536w, https:\/\/www.sacrecoeurvercel.com\/wp-content\/uploads\/2022\/05\/abeille.jpg 2048w\" sizes=\"(max-width: 354px) 100vw, 354px\" \/><\/figure><\/div>\n\n\n\n<figure class=\"wp-block-image size-large is-resized\"><img decoding=\"async\" loading=\"lazy\" src=\"https:\/\/www.sacrecoeurvercel.com\/wp-content\/uploads\/2022\/05\/abeille-1-1024x768.jpg\" alt=\"\" class=\"wp-image-2703\" width=\"382\" height=\"287\" srcset=\"https:\/\/www.sacrecoeurvercel.com\/wp-content\/uploads\/2022\/05\/abeille-1-1024x768.jpg 1024w, https:\/\/www.sacrecoeurvercel.com\/wp-content\/uploads\/2022\/05\/abeille-1-300x225.jpg 300w, https:\/\/www.sacrecoeurvercel.com\/wp-content\/uploads\/2022\/05\/abeille-1-768x576.jpg 768w, https:\/\/www.sacrecoeurvercel.com\/wp-content\/uploads\/2022\/05\/abeille-1-1536x1152.jpg 1536w, https:\/\/www.sacrecoeurvercel.com\/wp-content\/uploads\/2022\/05\/abeille-1.jpg 2048w\" sizes=\"(max-width: 382px) 100vw, 382px\" \/><\/figure>\n","protected":false},"excerpt":{"rendered":"<p>Visite de Mme Collette Audrey, une maman d&rsquo;un de nos \u00e9l\u00e8ves, qui a expliqu\u00e9 le fonctionnement d&rsquo;une ruche, avec ses abeilles et sa reine \u00e0 nos \u00e9l\u00e8ves de Moyenne Section.La visite s&rsquo;est termin\u00e9e par la&#8230;<\/p>\n","protected":false},"author":8,"featured_media":2703,"comment_status":"closed","ping_status":"closed","sticky":false,"template":"","format":"standard","meta":[],"categories":[4,6],"tags":[],"_links":{"self":[{"href":"https:\/\/www.sacrecoeurvercel.com\/index.php\/wp-json\/wp\/v2\/posts\/2700"}],"collection":[{"href":"https:\/\/www.sacrecoeurvercel.com\/index.php\/wp-json\/wp\/v2\/posts"}],"about":[{"href":"https:\/\/www.sacrecoeurvercel.com\/index.php\/wp-json\/wp\/v2\/types\/post"}],"author":[{"embeddable":true,"href":"https:\/\/www.sacrecoeurvercel.com\/index.php\/wp-json\/wp\/v2\/users\/8"}],"replies":[{"embeddable":true,"href":"https:\/\/www.sacrecoeurvercel.com\/index.php\/wp-json\/wp\/v2\/comments?post=2700"}],"version-history":[{"count":1,"href":"https:\/\/www.sacrecoeurvercel.com\/index.php\/wp-json\/wp\/v2\/posts\/2700\/revisions"}],"predecessor-version":[{"id":2705,"href":"https:\/\/www.sacrecoeurvercel.com\/index.php\/wp-json\/wp\/v2\/posts\/2700\/revisions\/2705"}],"wp:featuredmedia":[{"embeddable":true,"href":"https:\/\/www.sacrecoeurvercel.com\/index.php\/wp-json\/wp\/v2\/media\/2703"}],"wp:attachment":[{"href":"https:\/\/www.sacrecoeurvercel.com\/index.php\/wp-json\/wp\/v2\/media?parent=2700"}],"wp:term":[{"taxonomy":"category","embeddable":true,"href":"https:\/\/www.sacrecoeurvercel.com\/index.php\/wp-json\/wp\/v2\/categories?post=2700"},{"taxonomy":"post_tag","embeddable":true,"href":"https:\/\/www.sacrecoeurvercel.com\/index.php\/wp-json\/wp\/v2\/tags?post=2700"}],"curies":[{"name":"wp","href":"https:\/\/api.w.org\/{rel}","templated":true}]}}