{"id":2775,"date":"2023-01-10T13:07:18","date_gmt":"2023-01-10T13:07:18","guid":{"rendered":"https:\/\/www.sacrecoeurvercel.com\/?p=2775"},"modified":"2023-01-10T13:10:46","modified_gmt":"2023-01-10T13:10:46","slug":"orientation","status":"publish","type":"post","link":"https:\/\/www.sacrecoeurvercel.com\/index.php\/2023\/01\/10\/orientation\/","title":{"rendered":"Orientation"},"content":{"rendered":"\n<p>Forum des m\u00e9tiers pour tous les \u00e9l\u00e8ves de 3\u00e8me du R\u00e9seau 1er Plateau (Amancey, Ornans, Vercel) <\/p>\n\n\n\n<figure class=\"wp-block-image size-full is-resized\"><img decoding=\"async\" loading=\"lazy\" src=\"https:\/\/www.sacrecoeurvercel.com\/wp-content\/uploads\/2023\/01\/forum-des-metiers-2023-1.jpg\" alt=\"\" class=\"wp-image-2763\" width=\"353\" height=\"463\" srcset=\"https:\/\/www.sacrecoeurvercel.com\/wp-content\/uploads\/2023\/01\/forum-des-metiers-2023-1.jpg 705w, https:\/\/www.sacrecoeurvercel.com\/wp-content\/uploads\/2023\/01\/forum-des-metiers-2023-1-228x300.jpg 228w\" sizes=\"(max-width: 353px) 100vw, 353px\" \/><\/figure>\n","protected":false},"excerpt":{"rendered":"<p>Forum des m\u00e9tiers pour tous les \u00e9l\u00e8ves de 3\u00e8me du R\u00e9seau 1er Plateau (Amancey, Ornans, Vercel)<\/p>\n","protected":false},"author":5,"featured_media":2763,"comment_status":"closed","ping_status":"closed","sticky":false,"template":"","format":"standard","meta":[],"categories":[7,4],"tags":[],"_links":{"self":[{"href":"https:\/\/www.sacrecoeurvercel.com\/index.php\/wp-json\/wp\/v2\/posts\/2775"}],"collection":[{"href":"https:\/\/www.sacrecoeurvercel.com\/index.php\/wp-json\/wp\/v2\/posts"}],"about":[{"href":"https:\/\/www.sacrecoeurvercel.com\/index.php\/wp-json\/wp\/v2\/types\/post"}],"author":[{"embeddable":true,"href":"https:\/\/www.sacrecoeurvercel.com\/index.php\/wp-json\/wp\/v2\/users\/5"}],"replies":[{"embeddable":true,"href":"https:\/\/www.sacrecoeurvercel.com\/index.php\/wp-json\/wp\/v2\/comments?post=2775"}],"version-history":[{"count":4,"href":"https:\/\/www.sacrecoeurvercel.com\/index.php\/wp-json\/wp\/v2\/posts\/2775\/revisions"}],"predecessor-version":[{"id":2779,"href":"https:\/\/www.sacrecoeurvercel.com\/index.php\/wp-json\/wp\/v2\/posts\/2775\/revisions\/2779"}],"wp:featuredmedia":[{"embeddable":true,"href":"https:\/\/www.sacrecoeurvercel.com\/index.php\/wp-json\/wp\/v2\/media\/2763"}],"wp:attachment":[{"href":"https:\/\/www.sacrecoeurvercel.com\/index.php\/wp-json\/wp\/v2\/media?parent=2775"}],"wp:term":[{"taxonomy":"category","embeddable":true,"href":"https:\/\/www.sacrecoeurvercel.com\/index.php\/wp-json\/wp\/v2\/categories?post=2775"},{"taxonomy":"post_tag","embeddable":true,"href":"https:\/\/www.sacrecoeurvercel.com\/index.php\/wp-json\/wp\/v2\/tags?post=2775"}],"curies":[{"name":"wp","href":"https:\/\/api.w.org\/{rel}","templated":true}]}}