{"id":2785,"date":"2022-09-06T10:59:00","date_gmt":"2022-09-06T10:59:00","guid":{"rendered":"https:\/\/www.sacrecoeurvercel.com\/?p=2785"},"modified":"2023-01-17T07:37:46","modified_gmt":"2023-01-17T07:37:46","slug":"des-bacs-a-sable-en-maternelle","status":"publish","type":"post","link":"https:\/\/www.sacrecoeurvercel.com\/index.php\/2022\/09\/06\/des-bacs-a-sable-en-maternelle\/","title":{"rendered":"Des bacs \u00e0 sable en maternelle"},"content":{"rendered":"\n<figure class=\"is-layout-flex wp-block-gallery-1 wp-block-gallery has-nested-images columns-default is-cropped\">\n<figure class=\"wp-block-image size-medium\"><img decoding=\"async\" loading=\"lazy\" width=\"135\" height=\"300\" data-id=\"2829\"  src=\"https:\/\/www.sacrecoeurvercel.com\/wp-content\/uploads\/2023\/01\/Bac-a-sable-1-135x300.jpg\" alt=\"\" class=\"wp-image-2829\" srcset=\"https:\/\/www.sacrecoeurvercel.com\/wp-content\/uploads\/2023\/01\/Bac-a-sable-1-135x300.jpg 135w, https:\/\/www.sacrecoeurvercel.com\/wp-content\/uploads\/2023\/01\/Bac-a-sable-1-461x1024.jpg 461w, https:\/\/www.sacrecoeurvercel.com\/wp-content\/uploads\/2023\/01\/Bac-a-sable-1-691x1536.jpg 691w, https:\/\/www.sacrecoeurvercel.com\/wp-content\/uploads\/2023\/01\/Bac-a-sable-1.jpg 720w\" sizes=\"(max-width: 135px) 100vw, 135px\" \/><\/figure>\n\n\n\n<figure class=\"wp-block-image size-medium\"><img decoding=\"async\" loading=\"lazy\" width=\"135\" height=\"300\" data-id=\"2830\"  src=\"https:\/\/www.sacrecoeurvercel.com\/wp-content\/uploads\/2023\/01\/Bac-a-sable-2-135x300.jpg\" alt=\"\" class=\"wp-image-2830\" srcset=\"https:\/\/www.sacrecoeurvercel.com\/wp-content\/uploads\/2023\/01\/Bac-a-sable-2-135x300.jpg 135w, https:\/\/www.sacrecoeurvercel.com\/wp-content\/uploads\/2023\/01\/Bac-a-sable-2-461x1024.jpg 461w, https:\/\/www.sacrecoeurvercel.com\/wp-content\/uploads\/2023\/01\/Bac-a-sable-2-768x1708.jpg 768w, https:\/\/www.sacrecoeurvercel.com\/wp-content\/uploads\/2023\/01\/Bac-a-sable-2-691x1536.jpg 691w, https:\/\/www.sacrecoeurvercel.com\/wp-content\/uploads\/2023\/01\/Bac-a-sable-2.jpg 921w\" sizes=\"(max-width: 135px) 100vw, 135px\" \/><\/figure>\n<\/figure>\n\n\n\n<p>A la rentr\u00e9e, les \u00e9l\u00e8ves de maternelle ont eu la surprise de voir deux bacs \u00e0 sable apparaitre dans la cour.<\/p>\n\n\n\n<p>Jouer dans le sable a beaucoup de bienfaits pour les enfants \u00e0 plusieurs niveaux. Au niveau sensoriel, le toucher est extr\u00eamement stimul\u00e9 d\u00e8s qu&rsquo;ils  jouent dans le sable. La motricit\u00e9 fine est \u00e9galement stimul\u00e9e chaque fois qu&rsquo;ils dessinent dans le sable ou manipulent une petite pelle. Jouer dans un bac \u00e0 sable, c&rsquo;est partir de rien pour dessiner, construire ou ensevelir. L&rsquo;imagination est donc tr\u00e8s sollicit\u00e9e. Et enfin partager un bac \u00e0 sable avec les camarades d\u00e9veloppe aussi la sociabilit\u00e9 car il faut faire des compromis, n\u00e9gocier&#8230;<\/p>\n\n\n\n<p>De bons moments d&rsquo;apprentissages et de jeux.<\/p>\n","protected":false},"excerpt":{"rendered":"<p>A la rentr\u00e9e, les \u00e9l\u00e8ves de maternelle ont eu la surprise de voir deux bacs \u00e0 sable apparaitre dans la cour. Jouer dans le sable a beaucoup de bienfaits pour les enfants \u00e0 plusieurs niveaux&#8230;.<\/p>\n","protected":false},"author":6,"featured_media":2830,"comment_status":"closed","ping_status":"closed","sticky":true,"template":"","format":"standard","meta":[],"categories":[4,6],"tags":[],"_links":{"self":[{"href":"https:\/\/www.sacrecoeurvercel.com\/index.php\/wp-json\/wp\/v2\/posts\/2785"}],"collection":[{"href":"https:\/\/www.sacrecoeurvercel.com\/index.php\/wp-json\/wp\/v2\/posts"}],"about":[{"href":"https:\/\/www.sacrecoeurvercel.com\/index.php\/wp-json\/wp\/v2\/types\/post"}],"author":[{"embeddable":true,"href":"https:\/\/www.sacrecoeurvercel.com\/index.php\/wp-json\/wp\/v2\/users\/6"}],"replies":[{"embeddable":true,"href":"https:\/\/www.sacrecoeurvercel.com\/index.php\/wp-json\/wp\/v2\/comments?post=2785"}],"version-history":[{"count":7,"href":"https:\/\/www.sacrecoeurvercel.com\/index.php\/wp-json\/wp\/v2\/posts\/2785\/revisions"}],"predecessor-version":[{"id":2834,"href":"https:\/\/www.sacrecoeurvercel.com\/index.php\/wp-json\/wp\/v2\/posts\/2785\/revisions\/2834"}],"wp:featuredmedia":[{"embeddable":true,"href":"https:\/\/www.sacrecoeurvercel.com\/index.php\/wp-json\/wp\/v2\/media\/2830"}],"wp:attachment":[{"href":"https:\/\/www.sacrecoeurvercel.com\/index.php\/wp-json\/wp\/v2\/media?parent=2785"}],"wp:term":[{"taxonomy":"category","embeddable":true,"href":"https:\/\/www.sacrecoeurvercel.com\/index.php\/wp-json\/wp\/v2\/categories?post=2785"},{"taxonomy":"post_tag","embeddable":true,"href":"https:\/\/www.sacrecoeurvercel.com\/index.php\/wp-json\/wp\/v2\/tags?post=2785"}],"curies":[{"name":"wp","href":"https:\/\/api.w.org\/{rel}","templated":true}]}}