{"id":2815,"date":"2022-09-06T15:19:52","date_gmt":"2022-09-06T15:19:52","guid":{"rendered":"https:\/\/www.sacrecoeurvercel.com\/?p=2815"},"modified":"2023-01-17T08:12:32","modified_gmt":"2023-01-17T08:12:32","slug":"accueil-des-nouveaux-eleves","status":"publish","type":"post","link":"https:\/\/www.sacrecoeurvercel.com\/index.php\/2022\/09\/06\/accueil-des-nouveaux-eleves\/","title":{"rendered":"Accueil des nouveaux \u00e9l\u00e8ves"},"content":{"rendered":"\n<figure class=\"is-layout-flex wp-block-gallery-1 wp-block-gallery has-nested-images columns-default is-cropped\">\n<figure class=\"wp-block-image size-large\"><img decoding=\"async\" loading=\"lazy\" width=\"1024\" height=\"768\" data-id=\"2835\"  src=\"https:\/\/www.sacrecoeurvercel.com\/wp-content\/uploads\/2023\/01\/Accueil-nouveau-2-1024x768.jpg\" alt=\"\" class=\"wp-image-2835\" srcset=\"https:\/\/www.sacrecoeurvercel.com\/wp-content\/uploads\/2023\/01\/Accueil-nouveau-2-1024x768.jpg 1024w, https:\/\/www.sacrecoeurvercel.com\/wp-content\/uploads\/2023\/01\/Accueil-nouveau-2-300x225.jpg 300w, https:\/\/www.sacrecoeurvercel.com\/wp-content\/uploads\/2023\/01\/Accueil-nouveau-2-768x576.jpg 768w, https:\/\/www.sacrecoeurvercel.com\/wp-content\/uploads\/2023\/01\/Accueil-nouveau-2-1536x1152.jpg 1536w, https:\/\/www.sacrecoeurvercel.com\/wp-content\/uploads\/2023\/01\/Accueil-nouveau-2.jpg 2048w\" sizes=\"(max-width: 1024px) 100vw, 1024px\" \/><\/figure>\n\n\n\n<figure class=\"wp-block-image size-full\"><img decoding=\"async\" loading=\"lazy\" width=\"2048\" height=\"1536\" data-id=\"2858\"  src=\"https:\/\/www.sacrecoeurvercel.com\/wp-content\/uploads\/2023\/01\/Accueil-nouveau.jpg\" alt=\"\" class=\"wp-image-2858\" srcset=\"https:\/\/www.sacrecoeurvercel.com\/wp-content\/uploads\/2023\/01\/Accueil-nouveau.jpg 2048w, https:\/\/www.sacrecoeurvercel.com\/wp-content\/uploads\/2023\/01\/Accueil-nouveau-300x225.jpg 300w, https:\/\/www.sacrecoeurvercel.com\/wp-content\/uploads\/2023\/01\/Accueil-nouveau-1024x768.jpg 1024w, https:\/\/www.sacrecoeurvercel.com\/wp-content\/uploads\/2023\/01\/Accueil-nouveau-768x576.jpg 768w, https:\/\/www.sacrecoeurvercel.com\/wp-content\/uploads\/2023\/01\/Accueil-nouveau-1536x1152.jpg 1536w\" sizes=\"(max-width: 2048px) 100vw, 2048px\" \/><\/figure>\n<\/figure>\n\n\n\n<p>Mardi 6 septembre, comme chaque ann\u00e9e, un temps est r\u00e9serv\u00e9 pour accueillir les nouveaux \u00e9l\u00e8ves. Lors d&rsquo;un rassemblement sur la cour, les anciens \u00e9l\u00e8ves pr\u00e9sentent leurs nouveaux camarades \u00e0 l&rsquo;ensemble de l&rsquo;\u00e9cole. Nous avons aussi accueilli Louise DUBI qui enseigne dans la classe de Moyenne Section.<\/p>\n\n\n\n<p>Nous souhaitons \u00e0 tous une belle rentr\u00e9e et une belle ann\u00e9e scolaire.<\/p>\n","protected":false},"excerpt":{"rendered":"<p>Mardi 6 septembre, comme chaque ann\u00e9e, un temps est r\u00e9serv\u00e9 pour accueillir les nouveaux \u00e9l\u00e8ves. Lors d&rsquo;un rassemblement sur la cour, les anciens \u00e9l\u00e8ves pr\u00e9sentent leurs nouveaux camarades \u00e0 l&rsquo;ensemble de l&rsquo;\u00e9cole. Nous avons aussi&#8230;<\/p>\n","protected":false},"author":6,"featured_media":2835,"comment_status":"closed","ping_status":"closed","sticky":false,"template":"","format":"standard","meta":[],"categories":[4,6],"tags":[],"_links":{"self":[{"href":"https:\/\/www.sacrecoeurvercel.com\/index.php\/wp-json\/wp\/v2\/posts\/2815"}],"collection":[{"href":"https:\/\/www.sacrecoeurvercel.com\/index.php\/wp-json\/wp\/v2\/posts"}],"about":[{"href":"https:\/\/www.sacrecoeurvercel.com\/index.php\/wp-json\/wp\/v2\/types\/post"}],"author":[{"embeddable":true,"href":"https:\/\/www.sacrecoeurvercel.com\/index.php\/wp-json\/wp\/v2\/users\/6"}],"replies":[{"embeddable":true,"href":"https:\/\/www.sacrecoeurvercel.com\/index.php\/wp-json\/wp\/v2\/comments?post=2815"}],"version-history":[{"count":5,"href":"https:\/\/www.sacrecoeurvercel.com\/index.php\/wp-json\/wp\/v2\/posts\/2815\/revisions"}],"predecessor-version":[{"id":2861,"href":"https:\/\/www.sacrecoeurvercel.com\/index.php\/wp-json\/wp\/v2\/posts\/2815\/revisions\/2861"}],"wp:featuredmedia":[{"embeddable":true,"href":"https:\/\/www.sacrecoeurvercel.com\/index.php\/wp-json\/wp\/v2\/media\/2835"}],"wp:attachment":[{"href":"https:\/\/www.sacrecoeurvercel.com\/index.php\/wp-json\/wp\/v2\/media?parent=2815"}],"wp:term":[{"taxonomy":"category","embeddable":true,"href":"https:\/\/www.sacrecoeurvercel.com\/index.php\/wp-json\/wp\/v2\/categories?post=2815"},{"taxonomy":"post_tag","embeddable":true,"href":"https:\/\/www.sacrecoeurvercel.com\/index.php\/wp-json\/wp\/v2\/tags?post=2815"}],"curies":[{"name":"wp","href":"https:\/\/api.w.org\/{rel}","templated":true}]}}