{"id":2817,"date":"2022-09-08T15:36:50","date_gmt":"2022-09-08T15:36:50","guid":{"rendered":"https:\/\/www.sacrecoeurvercel.com\/?p=2817"},"modified":"2023-01-17T07:58:02","modified_gmt":"2023-01-17T07:58:02","slug":"ceremonie-cambridge-pour-les-eleves-de-cm2","status":"publish","type":"post","link":"https:\/\/www.sacrecoeurvercel.com\/index.php\/2022\/09\/08\/ceremonie-cambridge-pour-les-eleves-de-cm2\/","title":{"rendered":"C\u00e9r\u00e9monie Cambridge pour les \u00e9l\u00e8ves de CM2"},"content":{"rendered":"\n<figure class=\"is-layout-flex wp-block-gallery-1 wp-block-gallery has-nested-images columns-default is-cropped\">\n<figure class=\"wp-block-image size-full\"><img decoding=\"async\" loading=\"lazy\" width=\"965\" height=\"1286\" data-id=\"2837\"  src=\"https:\/\/www.sacrecoeurvercel.com\/wp-content\/uploads\/2023\/01\/Camb-2.jpg\" alt=\"\" class=\"wp-image-2837\" srcset=\"https:\/\/www.sacrecoeurvercel.com\/wp-content\/uploads\/2023\/01\/Camb-2.jpg 965w, https:\/\/www.sacrecoeurvercel.com\/wp-content\/uploads\/2023\/01\/Camb-2-225x300.jpg 225w, https:\/\/www.sacrecoeurvercel.com\/wp-content\/uploads\/2023\/01\/Camb-2-768x1023.jpg 768w, https:\/\/www.sacrecoeurvercel.com\/wp-content\/uploads\/2023\/01\/Camb-2-300x400.jpg 300w\" sizes=\"(max-width: 965px) 100vw, 965px\" \/><\/figure>\n\n\n\n<figure class=\"wp-block-image size-full\"><img decoding=\"async\" loading=\"lazy\" width=\"965\" height=\"1286\" data-id=\"2838\"  src=\"https:\/\/www.sacrecoeurvercel.com\/wp-content\/uploads\/2023\/01\/Camb-3.jpg\" alt=\"\" class=\"wp-image-2838\" srcset=\"https:\/\/www.sacrecoeurvercel.com\/wp-content\/uploads\/2023\/01\/Camb-3.jpg 965w, https:\/\/www.sacrecoeurvercel.com\/wp-content\/uploads\/2023\/01\/Camb-3-225x300.jpg 225w, https:\/\/www.sacrecoeurvercel.com\/wp-content\/uploads\/2023\/01\/Camb-3-768x1023.jpg 768w, https:\/\/www.sacrecoeurvercel.com\/wp-content\/uploads\/2023\/01\/Camb-3-300x400.jpg 300w\" sizes=\"(max-width: 965px) 100vw, 965px\" \/><\/figure>\n\n\n\n<figure class=\"wp-block-image size-full\"><img decoding=\"async\" loading=\"lazy\" width=\"966\" height=\"1286\" data-id=\"2840\"  src=\"https:\/\/www.sacrecoeurvercel.com\/wp-content\/uploads\/2023\/01\/Camb-4.jpg\" alt=\"\" class=\"wp-image-2840\" srcset=\"https:\/\/www.sacrecoeurvercel.com\/wp-content\/uploads\/2023\/01\/Camb-4.jpg 966w, https:\/\/www.sacrecoeurvercel.com\/wp-content\/uploads\/2023\/01\/Camb-4-225x300.jpg 225w, https:\/\/www.sacrecoeurvercel.com\/wp-content\/uploads\/2023\/01\/Camb-4-769x1024.jpg 769w, https:\/\/www.sacrecoeurvercel.com\/wp-content\/uploads\/2023\/01\/Camb-4-768x1022.jpg 768w, https:\/\/www.sacrecoeurvercel.com\/wp-content\/uploads\/2023\/01\/Camb-4-300x400.jpg 300w\" sizes=\"(max-width: 966px) 100vw, 966px\" \/><\/figure>\n\n\n\n<figure class=\"wp-block-image size-full\"><img decoding=\"async\" loading=\"lazy\" width=\"965\" height=\"1286\" data-id=\"2839\"  src=\"https:\/\/www.sacrecoeurvercel.com\/wp-content\/uploads\/2023\/01\/Camb-5.jpg\" alt=\"\" class=\"wp-image-2839\" srcset=\"https:\/\/www.sacrecoeurvercel.com\/wp-content\/uploads\/2023\/01\/Camb-5.jpg 965w, https:\/\/www.sacrecoeurvercel.com\/wp-content\/uploads\/2023\/01\/Camb-5-225x300.jpg 225w, https:\/\/www.sacrecoeurvercel.com\/wp-content\/uploads\/2023\/01\/Camb-5-768x1023.jpg 768w, https:\/\/www.sacrecoeurvercel.com\/wp-content\/uploads\/2023\/01\/Camb-5-300x400.jpg 300w\" sizes=\"(max-width: 965px) 100vw, 965px\" \/><\/figure>\n<\/figure>\n\n\n\n<p>C&rsquo;est \u00e0 l&rsquo;\u00e9glise Sainte Agathe de Vercel que s&rsquo;est d\u00e9roul\u00e9e la c\u00e9r\u00e9monie de remise des dipl\u00f4mes pour la certification Cambridge Pr\u00e9-A1 STARTER. Les laur\u00e9ats sont entr\u00e9s en procession accompagn\u00e9s par leurs enseignantes, Mmes DEBEAUMARCHE et NAPPEY, sous les notes de musique de deux cornemuses. Apr\u00e8s les discours d&rsquo;usage du chef d&rsquo;\u00e9tablissement, M. VALNET, et du repr\u00e9sentant de Cambridge, M. GOMIS, les heureux laur\u00e9ats ont re\u00e7u la b\u00e9n\u00e9diction du P\u00e8re MOINE. En fin de c\u00e9r\u00e9monie, les \u00e9l\u00e8ves ont re\u00e7u leur dipl\u00f4me et leur chapeau. La c\u00e9r\u00e9monie a \u00e9t\u00e9 marqu\u00e9e par un \u00ab\u00a0God save the Queen\u00a0\u00bb \u00e0 la cornemuse en m\u00e9moire \u00e0 la reine Elisabeth II d\u00e9c\u00e9d\u00e9e le jour m\u00eame.<\/p>\n\n\n\n<p>El\u00e8ves, parents et enseignants se sont ensuite rendus sur la cour de l&rsquo;\u00e9cole pour le traditionnel lancer de chapeaux. Ce moment festif s&rsquo;est termin\u00e9 par un p\u00f4t de l&rsquo;amiti\u00e9.<\/p>\n\n\n\n<p>F\u00e9licitations aux laur\u00e9ats.<\/p>\n","protected":false},"excerpt":{"rendered":"<p>C&rsquo;est \u00e0 l&rsquo;\u00e9glise Sainte Agathe de Vercel que s&rsquo;est d\u00e9roul\u00e9e la c\u00e9r\u00e9monie de remise des dipl\u00f4mes pour la certification Cambridge Pr\u00e9-A1 STARTER. Les laur\u00e9ats sont entr\u00e9s en procession accompagn\u00e9s par leurs enseignantes, Mmes DEBEAUMARCHE et&#8230;<\/p>\n","protected":false},"author":6,"featured_media":2840,"comment_status":"closed","ping_status":"closed","sticky":false,"template":"","format":"standard","meta":[],"categories":[4,6],"tags":[],"_links":{"self":[{"href":"https:\/\/www.sacrecoeurvercel.com\/index.php\/wp-json\/wp\/v2\/posts\/2817"}],"collection":[{"href":"https:\/\/www.sacrecoeurvercel.com\/index.php\/wp-json\/wp\/v2\/posts"}],"about":[{"href":"https:\/\/www.sacrecoeurvercel.com\/index.php\/wp-json\/wp\/v2\/types\/post"}],"author":[{"embeddable":true,"href":"https:\/\/www.sacrecoeurvercel.com\/index.php\/wp-json\/wp\/v2\/users\/6"}],"replies":[{"embeddable":true,"href":"https:\/\/www.sacrecoeurvercel.com\/index.php\/wp-json\/wp\/v2\/comments?post=2817"}],"version-history":[{"count":4,"href":"https:\/\/www.sacrecoeurvercel.com\/index.php\/wp-json\/wp\/v2\/posts\/2817\/revisions"}],"predecessor-version":[{"id":2842,"href":"https:\/\/www.sacrecoeurvercel.com\/index.php\/wp-json\/wp\/v2\/posts\/2817\/revisions\/2842"}],"wp:featuredmedia":[{"embeddable":true,"href":"https:\/\/www.sacrecoeurvercel.com\/index.php\/wp-json\/wp\/v2\/media\/2840"}],"wp:attachment":[{"href":"https:\/\/www.sacrecoeurvercel.com\/index.php\/wp-json\/wp\/v2\/media?parent=2817"}],"wp:term":[{"taxonomy":"category","embeddable":true,"href":"https:\/\/www.sacrecoeurvercel.com\/index.php\/wp-json\/wp\/v2\/categories?post=2817"},{"taxonomy":"post_tag","embeddable":true,"href":"https:\/\/www.sacrecoeurvercel.com\/index.php\/wp-json\/wp\/v2\/tags?post=2817"}],"curies":[{"name":"wp","href":"https:\/\/api.w.org\/{rel}","templated":true}]}}