{"id":2820,"date":"2022-10-09T07:59:06","date_gmt":"2022-10-09T07:59:06","guid":{"rendered":"https:\/\/www.sacrecoeurvercel.com\/?p=2820"},"modified":"2023-02-08T09:40:53","modified_gmt":"2023-02-08T09:40:53","slug":"le-sacre-coeur-a-la-valdahonnaise","status":"publish","type":"post","link":"https:\/\/www.sacrecoeurvercel.com\/index.php\/2022\/10\/09\/le-sacre-coeur-a-la-valdahonnaise\/","title":{"rendered":"Le Sacr\u00e9 Coeur \u00e0 la Valdahonnaise"},"content":{"rendered":"\n<figure class=\"wp-block-image size-full\"><img decoding=\"async\" loading=\"lazy\" width=\"1024\" height=\"768\" src=\"https:\/\/www.sacrecoeurvercel.com\/wp-content\/uploads\/2023\/01\/valdahonnaise-.jpg\" alt=\"\" class=\"wp-image-2843\" srcset=\"https:\/\/www.sacrecoeurvercel.com\/wp-content\/uploads\/2023\/01\/valdahonnaise-.jpg 1024w, https:\/\/www.sacrecoeurvercel.com\/wp-content\/uploads\/2023\/01\/valdahonnaise--300x225.jpg 300w, https:\/\/www.sacrecoeurvercel.com\/wp-content\/uploads\/2023\/01\/valdahonnaise--768x576.jpg 768w\" sizes=\"(max-width: 1024px) 100vw, 1024px\" \/><\/figure>\n\n\n\n<p>Pour la 16\u00e8me \u00e9dition de la Vadahonnaise, organis\u00e9e par le 13 R\u00e9giment du G\u00e9nie de Valdahon, le beau temps \u00e9tait au rendez-vous. Les enseignants du Sacr\u00e9 Coeur ! Deux \u00e9quipes ont pris place aux d\u00e9parts : l&rsquo;une \u00e0 la randonn\u00e9e de 8 km et l&rsquo;autre au trail de 13 km. Un bon moment sportif et convivial.<\/p>\n\n\n\n<p>Bravo aux randonneurs et au coureurs.<\/p>\n","protected":false},"excerpt":{"rendered":"<p>Pour la 16\u00e8me \u00e9dition de la Vadahonnaise, organis\u00e9e par le 13 R\u00e9giment du G\u00e9nie de Valdahon, le beau temps \u00e9tait au rendez-vous. Les enseignants du Sacr\u00e9 Coeur ! Deux \u00e9quipes ont pris place aux d\u00e9parts&#8230;<\/p>\n","protected":false},"author":6,"featured_media":2843,"comment_status":"closed","ping_status":"closed","sticky":false,"template":"","format":"standard","meta":[],"categories":[4],"tags":[],"_links":{"self":[{"href":"https:\/\/www.sacrecoeurvercel.com\/index.php\/wp-json\/wp\/v2\/posts\/2820"}],"collection":[{"href":"https:\/\/www.sacrecoeurvercel.com\/index.php\/wp-json\/wp\/v2\/posts"}],"about":[{"href":"https:\/\/www.sacrecoeurvercel.com\/index.php\/wp-json\/wp\/v2\/types\/post"}],"author":[{"embeddable":true,"href":"https:\/\/www.sacrecoeurvercel.com\/index.php\/wp-json\/wp\/v2\/users\/6"}],"replies":[{"embeddable":true,"href":"https:\/\/www.sacrecoeurvercel.com\/index.php\/wp-json\/wp\/v2\/comments?post=2820"}],"version-history":[{"count":2,"href":"https:\/\/www.sacrecoeurvercel.com\/index.php\/wp-json\/wp\/v2\/posts\/2820\/revisions"}],"predecessor-version":[{"id":2844,"href":"https:\/\/www.sacrecoeurvercel.com\/index.php\/wp-json\/wp\/v2\/posts\/2820\/revisions\/2844"}],"wp:featuredmedia":[{"embeddable":true,"href":"https:\/\/www.sacrecoeurvercel.com\/index.php\/wp-json\/wp\/v2\/media\/2843"}],"wp:attachment":[{"href":"https:\/\/www.sacrecoeurvercel.com\/index.php\/wp-json\/wp\/v2\/media?parent=2820"}],"wp:term":[{"taxonomy":"category","embeddable":true,"href":"https:\/\/www.sacrecoeurvercel.com\/index.php\/wp-json\/wp\/v2\/categories?post=2820"},{"taxonomy":"post_tag","embeddable":true,"href":"https:\/\/www.sacrecoeurvercel.com\/index.php\/wp-json\/wp\/v2\/tags?post=2820"}],"curies":[{"name":"wp","href":"https:\/\/api.w.org\/{rel}","templated":true}]}}