{"id":2825,"date":"2022-10-21T16:31:19","date_gmt":"2022-10-21T16:31:19","guid":{"rendered":"https:\/\/www.sacrecoeurvercel.com\/?p=2825"},"modified":"2023-01-17T08:05:11","modified_gmt":"2023-01-17T08:05:11","slug":"la-prehistoire-en-maternelle","status":"publish","type":"post","link":"https:\/\/www.sacrecoeurvercel.com\/index.php\/2022\/10\/21\/la-prehistoire-en-maternelle\/","title":{"rendered":"La pr\u00e9histoire en maternelle"},"content":{"rendered":"\n<figure class=\"is-layout-flex wp-block-gallery-1 wp-block-gallery has-nested-images columns-default is-cropped\">\n<figure class=\"wp-block-image size-full\"><img decoding=\"async\" loading=\"lazy\" width=\"1536\" height=\"2048\" data-id=\"2851\"  src=\"https:\/\/www.sacrecoeurvercel.com\/wp-content\/uploads\/2023\/01\/expo-mat-.jpg\" alt=\"\" class=\"wp-image-2851\" srcset=\"https:\/\/www.sacrecoeurvercel.com\/wp-content\/uploads\/2023\/01\/expo-mat-.jpg 1536w, https:\/\/www.sacrecoeurvercel.com\/wp-content\/uploads\/2023\/01\/expo-mat--225x300.jpg 225w, https:\/\/www.sacrecoeurvercel.com\/wp-content\/uploads\/2023\/01\/expo-mat--768x1024.jpg 768w, https:\/\/www.sacrecoeurvercel.com\/wp-content\/uploads\/2023\/01\/expo-mat--300x400.jpg 300w, https:\/\/www.sacrecoeurvercel.com\/wp-content\/uploads\/2023\/01\/expo-mat--1152x1536.jpg 1152w\" sizes=\"(max-width: 1536px) 100vw, 1536px\" \/><\/figure>\n\n\n\n<figure class=\"wp-block-image size-full\"><img decoding=\"async\" loading=\"lazy\" width=\"1536\" height=\"2048\" data-id=\"2855\"  src=\"https:\/\/www.sacrecoeurvercel.com\/wp-content\/uploads\/2023\/01\/expo-mat-1-.jpg\" alt=\"\" class=\"wp-image-2855\" srcset=\"https:\/\/www.sacrecoeurvercel.com\/wp-content\/uploads\/2023\/01\/expo-mat-1-.jpg 1536w, https:\/\/www.sacrecoeurvercel.com\/wp-content\/uploads\/2023\/01\/expo-mat-1--225x300.jpg 225w, https:\/\/www.sacrecoeurvercel.com\/wp-content\/uploads\/2023\/01\/expo-mat-1--768x1024.jpg 768w, https:\/\/www.sacrecoeurvercel.com\/wp-content\/uploads\/2023\/01\/expo-mat-1--300x400.jpg 300w, https:\/\/www.sacrecoeurvercel.com\/wp-content\/uploads\/2023\/01\/expo-mat-1--1152x1536.jpg 1152w\" sizes=\"(max-width: 1536px) 100vw, 1536px\" \/><\/figure>\n\n\n\n<figure class=\"wp-block-image size-full\"><img decoding=\"async\" loading=\"lazy\" width=\"1536\" height=\"2048\" data-id=\"2853\"  src=\"https:\/\/www.sacrecoeurvercel.com\/wp-content\/uploads\/2023\/01\/expo-mat-2.jpg\" alt=\"\" class=\"wp-image-2853\" srcset=\"https:\/\/www.sacrecoeurvercel.com\/wp-content\/uploads\/2023\/01\/expo-mat-2.jpg 1536w, https:\/\/www.sacrecoeurvercel.com\/wp-content\/uploads\/2023\/01\/expo-mat-2-225x300.jpg 225w, https:\/\/www.sacrecoeurvercel.com\/wp-content\/uploads\/2023\/01\/expo-mat-2-768x1024.jpg 768w, https:\/\/www.sacrecoeurvercel.com\/wp-content\/uploads\/2023\/01\/expo-mat-2-300x400.jpg 300w, https:\/\/www.sacrecoeurvercel.com\/wp-content\/uploads\/2023\/01\/expo-mat-2-1152x1536.jpg 1152w\" sizes=\"(max-width: 1536px) 100vw, 1536px\" \/><\/figure>\n\n\n\n<figure class=\"wp-block-image size-full\"><img decoding=\"async\" loading=\"lazy\" width=\"1536\" height=\"2048\" data-id=\"2852\"  src=\"https:\/\/www.sacrecoeurvercel.com\/wp-content\/uploads\/2023\/01\/expo-mat-3.jpg\" alt=\"\" class=\"wp-image-2852\" srcset=\"https:\/\/www.sacrecoeurvercel.com\/wp-content\/uploads\/2023\/01\/expo-mat-3.jpg 1536w, https:\/\/www.sacrecoeurvercel.com\/wp-content\/uploads\/2023\/01\/expo-mat-3-225x300.jpg 225w, https:\/\/www.sacrecoeurvercel.com\/wp-content\/uploads\/2023\/01\/expo-mat-3-768x1024.jpg 768w, https:\/\/www.sacrecoeurvercel.com\/wp-content\/uploads\/2023\/01\/expo-mat-3-300x400.jpg 300w, https:\/\/www.sacrecoeurvercel.com\/wp-content\/uploads\/2023\/01\/expo-mat-3-1152x1536.jpg 1152w\" sizes=\"(max-width: 1536px) 100vw, 1536px\" \/><\/figure>\n\n\n\n<figure class=\"wp-block-image size-full\"><img decoding=\"async\" loading=\"lazy\" width=\"1536\" height=\"2048\" data-id=\"2854\"  src=\"https:\/\/www.sacrecoeurvercel.com\/wp-content\/uploads\/2023\/01\/expo-mat-4.jpg\" alt=\"\" class=\"wp-image-2854\" srcset=\"https:\/\/www.sacrecoeurvercel.com\/wp-content\/uploads\/2023\/01\/expo-mat-4.jpg 1536w, https:\/\/www.sacrecoeurvercel.com\/wp-content\/uploads\/2023\/01\/expo-mat-4-225x300.jpg 225w, https:\/\/www.sacrecoeurvercel.com\/wp-content\/uploads\/2023\/01\/expo-mat-4-768x1024.jpg 768w, https:\/\/www.sacrecoeurvercel.com\/wp-content\/uploads\/2023\/01\/expo-mat-4-300x400.jpg 300w, https:\/\/www.sacrecoeurvercel.com\/wp-content\/uploads\/2023\/01\/expo-mat-4-1152x1536.jpg 1152w\" sizes=\"(max-width: 1536px) 100vw, 1536px\" \/><\/figure>\n<\/figure>\n\n\n\n<p>Cette ann\u00e9e, les classes de maternelle travaillent sur le th\u00e8me des p\u00e9riodes de l&rsquo;histoire. L&rsquo;ann\u00e9e a donc commenc\u00e9 par la Pr\u00e9histoire. Les \u00e9l\u00e8ves ont d\u00e9couvert la vie des hommes pr\u00e9historiques dans les cavernes, la chasse des mammouths. Ils ont \u00e9t\u00e9 initi\u00e9s aux arts pr\u00e9historiques : dessins au charbon, peinture avec de la terre, empreinte de mains&#8230;<\/p>\n\n\n\n<p>Toutes ses oeuvres ont \u00e9t\u00e9 pr\u00e9sent\u00e9s aux parents lors d&rsquo;une exposition la veille des vacances de Toussaint.<\/p>\n\n\n\n<p>Apr\u00e8s les vacances, les \u00e9l\u00e8ves d\u00e9couvriront la vie des pharaons.<\/p>\n","protected":false},"excerpt":{"rendered":"<p>Cette ann\u00e9e, les classes de maternelle travaillent sur le th\u00e8me des p\u00e9riodes de l&rsquo;histoire. L&rsquo;ann\u00e9e a donc commenc\u00e9 par la Pr\u00e9histoire. Les \u00e9l\u00e8ves ont d\u00e9couvert la vie des hommes pr\u00e9historiques dans les cavernes, la chasse&#8230;<\/p>\n","protected":false},"author":6,"featured_media":2854,"comment_status":"closed","ping_status":"closed","sticky":false,"template":"","format":"standard","meta":[],"categories":[4,6],"tags":[],"_links":{"self":[{"href":"https:\/\/www.sacrecoeurvercel.com\/index.php\/wp-json\/wp\/v2\/posts\/2825"}],"collection":[{"href":"https:\/\/www.sacrecoeurvercel.com\/index.php\/wp-json\/wp\/v2\/posts"}],"about":[{"href":"https:\/\/www.sacrecoeurvercel.com\/index.php\/wp-json\/wp\/v2\/types\/post"}],"author":[{"embeddable":true,"href":"https:\/\/www.sacrecoeurvercel.com\/index.php\/wp-json\/wp\/v2\/users\/6"}],"replies":[{"embeddable":true,"href":"https:\/\/www.sacrecoeurvercel.com\/index.php\/wp-json\/wp\/v2\/comments?post=2825"}],"version-history":[{"count":3,"href":"https:\/\/www.sacrecoeurvercel.com\/index.php\/wp-json\/wp\/v2\/posts\/2825\/revisions"}],"predecessor-version":[{"id":2857,"href":"https:\/\/www.sacrecoeurvercel.com\/index.php\/wp-json\/wp\/v2\/posts\/2825\/revisions\/2857"}],"wp:featuredmedia":[{"embeddable":true,"href":"https:\/\/www.sacrecoeurvercel.com\/index.php\/wp-json\/wp\/v2\/media\/2854"}],"wp:attachment":[{"href":"https:\/\/www.sacrecoeurvercel.com\/index.php\/wp-json\/wp\/v2\/media?parent=2825"}],"wp:term":[{"taxonomy":"category","embeddable":true,"href":"https:\/\/www.sacrecoeurvercel.com\/index.php\/wp-json\/wp\/v2\/categories?post=2825"},{"taxonomy":"post_tag","embeddable":true,"href":"https:\/\/www.sacrecoeurvercel.com\/index.php\/wp-json\/wp\/v2\/tags?post=2825"}],"curies":[{"name":"wp","href":"https:\/\/api.w.org\/{rel}","templated":true}]}}