{"id":2891,"date":"2022-11-25T09:14:30","date_gmt":"2022-11-25T09:14:30","guid":{"rendered":"https:\/\/www.sacrecoeurvercel.com\/?p=2891"},"modified":"2023-02-08T10:39:04","modified_gmt":"2023-02-08T10:39:04","slug":"dus-jus-de-pommes-a-lecole","status":"publish","type":"post","link":"https:\/\/www.sacrecoeurvercel.com\/index.php\/2022\/11\/25\/dus-jus-de-pommes-a-lecole\/","title":{"rendered":"Du jus de pommes \u00e0 l&rsquo;\u00e9cole"},"content":{"rendered":"\n<figure class=\"is-layout-flex wp-block-gallery-1 wp-block-gallery has-nested-images columns-default is-cropped\">\n<figure class=\"wp-block-image size-large\"><img decoding=\"async\" loading=\"lazy\" width=\"768\" height=\"1024\" data-id=\"2892\"  src=\"https:\/\/www.sacrecoeurvercel.com\/wp-content\/uploads\/2023\/02\/jus-de-pommes--768x1024.jpg\" alt=\"\" class=\"wp-image-2892\" srcset=\"https:\/\/www.sacrecoeurvercel.com\/wp-content\/uploads\/2023\/02\/jus-de-pommes--768x1024.jpg 768w, https:\/\/www.sacrecoeurvercel.com\/wp-content\/uploads\/2023\/02\/jus-de-pommes--225x300.jpg 225w, https:\/\/www.sacrecoeurvercel.com\/wp-content\/uploads\/2023\/02\/jus-de-pommes--300x400.jpg 300w, https:\/\/www.sacrecoeurvercel.com\/wp-content\/uploads\/2023\/02\/jus-de-pommes--1152x1536.jpg 1152w, https:\/\/www.sacrecoeurvercel.com\/wp-content\/uploads\/2023\/02\/jus-de-pommes-.jpg 1536w\" sizes=\"(max-width: 768px) 100vw, 768px\" \/><\/figure>\n\n\n\n<figure class=\"wp-block-image size-large\"><img decoding=\"async\" loading=\"lazy\" width=\"768\" height=\"1024\" data-id=\"2895\"  src=\"https:\/\/www.sacrecoeurvercel.com\/wp-content\/uploads\/2023\/02\/jus-de-pommes-2-768x1024.jpg\" alt=\"\" class=\"wp-image-2895\" srcset=\"https:\/\/www.sacrecoeurvercel.com\/wp-content\/uploads\/2023\/02\/jus-de-pommes-2-768x1024.jpg 768w, https:\/\/www.sacrecoeurvercel.com\/wp-content\/uploads\/2023\/02\/jus-de-pommes-2-225x300.jpg 225w, https:\/\/www.sacrecoeurvercel.com\/wp-content\/uploads\/2023\/02\/jus-de-pommes-2-300x400.jpg 300w, https:\/\/www.sacrecoeurvercel.com\/wp-content\/uploads\/2023\/02\/jus-de-pommes-2-1152x1536.jpg 1152w, https:\/\/www.sacrecoeurvercel.com\/wp-content\/uploads\/2023\/02\/jus-de-pommes-2.jpg 1536w\" sizes=\"(max-width: 768px) 100vw, 768px\" \/><\/figure>\n\n\n\n<figure class=\"wp-block-image size-large\"><img decoding=\"async\" loading=\"lazy\" width=\"768\" height=\"1024\" data-id=\"2894\"  src=\"https:\/\/www.sacrecoeurvercel.com\/wp-content\/uploads\/2023\/02\/jus-de-pommes-3-768x1024.jpg\" alt=\"\" class=\"wp-image-2894\" srcset=\"https:\/\/www.sacrecoeurvercel.com\/wp-content\/uploads\/2023\/02\/jus-de-pommes-3-768x1024.jpg 768w, https:\/\/www.sacrecoeurvercel.com\/wp-content\/uploads\/2023\/02\/jus-de-pommes-3-225x300.jpg 225w, https:\/\/www.sacrecoeurvercel.com\/wp-content\/uploads\/2023\/02\/jus-de-pommes-3-300x400.jpg 300w, https:\/\/www.sacrecoeurvercel.com\/wp-content\/uploads\/2023\/02\/jus-de-pommes-3-1152x1536.jpg 1152w, https:\/\/www.sacrecoeurvercel.com\/wp-content\/uploads\/2023\/02\/jus-de-pommes-3.jpg 1536w\" sizes=\"(max-width: 768px) 100vw, 768px\" \/><\/figure>\n\n\n\n<figure class=\"wp-block-image size-large\"><img decoding=\"async\" loading=\"lazy\" width=\"768\" height=\"1024\" data-id=\"2893\"  src=\"https:\/\/www.sacrecoeurvercel.com\/wp-content\/uploads\/2023\/02\/jus-de-pommes-4-768x1024.jpg\" alt=\"\" class=\"wp-image-2893\" srcset=\"https:\/\/www.sacrecoeurvercel.com\/wp-content\/uploads\/2023\/02\/jus-de-pommes-4-768x1024.jpg 768w, https:\/\/www.sacrecoeurvercel.com\/wp-content\/uploads\/2023\/02\/jus-de-pommes-4-225x300.jpg 225w, https:\/\/www.sacrecoeurvercel.com\/wp-content\/uploads\/2023\/02\/jus-de-pommes-4-300x400.jpg 300w, https:\/\/www.sacrecoeurvercel.com\/wp-content\/uploads\/2023\/02\/jus-de-pommes-4-1152x1536.jpg 1152w, https:\/\/www.sacrecoeurvercel.com\/wp-content\/uploads\/2023\/02\/jus-de-pommes-4.jpg 1536w\" sizes=\"(max-width: 768px) 100vw, 768px\" \/><\/figure>\n<\/figure>\n\n\n\n<p>Les \u00e9l\u00e8ves de la classe de CE1\/CE2 de Mme DARTEVEL ont d\u00e9couvert l&rsquo;art de faire du jus de pommes. Tous les \u00e9l\u00e8ves ont apport\u00e9 des pommes de diff\u00e9rentes vari\u00e9t\u00e9s (Golden,Pink Lady, Gala, Ariane &#8230;) . Pauline VUILLEMEIN est venue avec son pressoir. Chacun a vers\u00e9 ses fruits dans le pressoir et a vu le jus coul\u00e9. De ce m\u00e9lange de pommes est sorti un d\u00e9licieux jus. Les enfants et les adultes se sont r\u00e9gal\u00e9s.<\/p>\n","protected":false},"excerpt":{"rendered":"<p>Les \u00e9l\u00e8ves de la classe de CE1\/CE2 de Mme DARTEVEL ont d\u00e9couvert l&rsquo;art de faire du jus de pommes. Tous les \u00e9l\u00e8ves ont apport\u00e9 des pommes de diff\u00e9rentes vari\u00e9t\u00e9s (Golden,Pink Lady, Gala, Ariane &#8230;) &#8230;.<\/p>\n","protected":false},"author":6,"featured_media":2893,"comment_status":"closed","ping_status":"closed","sticky":false,"template":"","format":"standard","meta":[],"categories":[4,6],"tags":[],"_links":{"self":[{"href":"https:\/\/www.sacrecoeurvercel.com\/index.php\/wp-json\/wp\/v2\/posts\/2891"}],"collection":[{"href":"https:\/\/www.sacrecoeurvercel.com\/index.php\/wp-json\/wp\/v2\/posts"}],"about":[{"href":"https:\/\/www.sacrecoeurvercel.com\/index.php\/wp-json\/wp\/v2\/types\/post"}],"author":[{"embeddable":true,"href":"https:\/\/www.sacrecoeurvercel.com\/index.php\/wp-json\/wp\/v2\/users\/6"}],"replies":[{"embeddable":true,"href":"https:\/\/www.sacrecoeurvercel.com\/index.php\/wp-json\/wp\/v2\/comments?post=2891"}],"version-history":[{"count":2,"href":"https:\/\/www.sacrecoeurvercel.com\/index.php\/wp-json\/wp\/v2\/posts\/2891\/revisions"}],"predecessor-version":[{"id":2912,"href":"https:\/\/www.sacrecoeurvercel.com\/index.php\/wp-json\/wp\/v2\/posts\/2891\/revisions\/2912"}],"wp:featuredmedia":[{"embeddable":true,"href":"https:\/\/www.sacrecoeurvercel.com\/index.php\/wp-json\/wp\/v2\/media\/2893"}],"wp:attachment":[{"href":"https:\/\/www.sacrecoeurvercel.com\/index.php\/wp-json\/wp\/v2\/media?parent=2891"}],"wp:term":[{"taxonomy":"category","embeddable":true,"href":"https:\/\/www.sacrecoeurvercel.com\/index.php\/wp-json\/wp\/v2\/categories?post=2891"},{"taxonomy":"post_tag","embeddable":true,"href":"https:\/\/www.sacrecoeurvercel.com\/index.php\/wp-json\/wp\/v2\/tags?post=2891"}],"curies":[{"name":"wp","href":"https:\/\/api.w.org\/{rel}","templated":true}]}}