{"id":2947,"date":"2022-09-08T07:48:07","date_gmt":"2022-09-08T07:48:07","guid":{"rendered":"https:\/\/www.sacrecoeurvercel.com\/?p=2947"},"modified":"2023-02-21T07:50:11","modified_gmt":"2023-02-21T07:50:11","slug":"une-assiette-saluant-le-jubile-delisabeth-ii-remise-a-lecole-du-sacre-coeur","status":"publish","type":"post","link":"https:\/\/www.sacrecoeurvercel.com\/index.php\/2022\/09\/08\/une-assiette-saluant-le-jubile-delisabeth-ii-remise-a-lecole-du-sacre-coeur\/","title":{"rendered":"Une assiette saluant le jubil\u00e9 d&rsquo;Elisabeth II remise \u00e0 l&rsquo;\u00e9cole du Sacr\u00e9-Coeur"},"content":{"rendered":"\n<figure class=\"wp-block-image size-large\"><img decoding=\"async\" loading=\"lazy\" width=\"674\" height=\"1024\" src=\"https:\/\/www.sacrecoeurvercel.com\/wp-content\/uploads\/2023\/02\/ceremonie_cambridge_2023_bis-674x1024.jpg\" alt=\"\" class=\"wp-image-2949\" srcset=\"https:\/\/www.sacrecoeurvercel.com\/wp-content\/uploads\/2023\/02\/ceremonie_cambridge_2023_bis-674x1024.jpg 674w, https:\/\/www.sacrecoeurvercel.com\/wp-content\/uploads\/2023\/02\/ceremonie_cambridge_2023_bis-198x300.jpg 198w, https:\/\/www.sacrecoeurvercel.com\/wp-content\/uploads\/2023\/02\/ceremonie_cambridge_2023_bis-768x1166.jpg 768w, https:\/\/www.sacrecoeurvercel.com\/wp-content\/uploads\/2023\/02\/ceremonie_cambridge_2023_bis-1011x1536.jpg 1011w, https:\/\/www.sacrecoeurvercel.com\/wp-content\/uploads\/2023\/02\/ceremonie_cambridge_2023_bis.jpg 1024w\" sizes=\"(max-width: 674px) 100vw, 674px\" \/><\/figure>\n","protected":false},"excerpt":{"rendered":"","protected":false},"author":6,"featured_media":2950,"comment_status":"closed","ping_status":"closed","sticky":false,"template":"","format":"standard","meta":[],"categories":[37],"tags":[],"_links":{"self":[{"href":"https:\/\/www.sacrecoeurvercel.com\/index.php\/wp-json\/wp\/v2\/posts\/2947"}],"collection":[{"href":"https:\/\/www.sacrecoeurvercel.com\/index.php\/wp-json\/wp\/v2\/posts"}],"about":[{"href":"https:\/\/www.sacrecoeurvercel.com\/index.php\/wp-json\/wp\/v2\/types\/post"}],"author":[{"embeddable":true,"href":"https:\/\/www.sacrecoeurvercel.com\/index.php\/wp-json\/wp\/v2\/users\/6"}],"replies":[{"embeddable":true,"href":"https:\/\/www.sacrecoeurvercel.com\/index.php\/wp-json\/wp\/v2\/comments?post=2947"}],"version-history":[{"count":1,"href":"https:\/\/www.sacrecoeurvercel.com\/index.php\/wp-json\/wp\/v2\/posts\/2947\/revisions"}],"predecessor-version":[{"id":2951,"href":"https:\/\/www.sacrecoeurvercel.com\/index.php\/wp-json\/wp\/v2\/posts\/2947\/revisions\/2951"}],"wp:featuredmedia":[{"embeddable":true,"href":"https:\/\/www.sacrecoeurvercel.com\/index.php\/wp-json\/wp\/v2\/media\/2950"}],"wp:attachment":[{"href":"https:\/\/www.sacrecoeurvercel.com\/index.php\/wp-json\/wp\/v2\/media?parent=2947"}],"wp:term":[{"taxonomy":"category","embeddable":true,"href":"https:\/\/www.sacrecoeurvercel.com\/index.php\/wp-json\/wp\/v2\/categories?post=2947"},{"taxonomy":"post_tag","embeddable":true,"href":"https:\/\/www.sacrecoeurvercel.com\/index.php\/wp-json\/wp\/v2\/tags?post=2947"}],"curies":[{"name":"wp","href":"https:\/\/api.w.org\/{rel}","templated":true}]}}