{"id":3073,"date":"2023-03-24T13:51:51","date_gmt":"2023-03-24T13:51:51","guid":{"rendered":"https:\/\/www.sacrecoeurvercel.com\/?p=3073"},"modified":"2023-11-19T23:01:53","modified_gmt":"2023-11-19T23:01:53","slug":"petit-intermede-musical-pendant-la-pause-meridienne","status":"publish","type":"post","link":"https:\/\/www.sacrecoeurvercel.com\/index.php\/2023\/03\/24\/petit-intermede-musical-pendant-la-pause-meridienne\/","title":{"rendered":"Petit interm\u00e8de musical pendant la pause m\u00e9ridienne"},"content":{"rendered":"\n<figure class=\"is-layout-flex wp-block-gallery-1 wp-block-gallery has-nested-images columns-default is-cropped\">\n<figure class=\"wp-block-image size-large\"><img decoding=\"async\" loading=\"lazy\" width=\"1024\" height=\"768\" data-id=\"3074\"  src=\"https:\/\/www.sacrecoeurvercel.com\/wp-content\/uploads\/2023\/03\/Pastorale-midi-1.jpg\" alt=\"\" class=\"wp-image-3074\" srcset=\"https:\/\/www.sacrecoeurvercel.com\/wp-content\/uploads\/2023\/03\/Pastorale-midi-1.jpg 1024w, https:\/\/www.sacrecoeurvercel.com\/wp-content\/uploads\/2023\/03\/Pastorale-midi-1-300x225.jpg 300w, https:\/\/www.sacrecoeurvercel.com\/wp-content\/uploads\/2023\/03\/Pastorale-midi-1-768x576.jpg 768w\" sizes=\"(max-width: 1024px) 100vw, 1024px\" \/><\/figure>\n\n\n\n<figure class=\"wp-block-image size-large\"><img decoding=\"async\" loading=\"lazy\" width=\"1024\" height=\"768\" data-id=\"3076\"  src=\"https:\/\/www.sacrecoeurvercel.com\/wp-content\/uploads\/2023\/03\/Pastorale-midi-2.jpg\" alt=\"\" class=\"wp-image-3076\" srcset=\"https:\/\/www.sacrecoeurvercel.com\/wp-content\/uploads\/2023\/03\/Pastorale-midi-2.jpg 1024w, https:\/\/www.sacrecoeurvercel.com\/wp-content\/uploads\/2023\/03\/Pastorale-midi-2-300x225.jpg 300w, https:\/\/www.sacrecoeurvercel.com\/wp-content\/uploads\/2023\/03\/Pastorale-midi-2-768x576.jpg 768w\" sizes=\"(max-width: 1024px) 100vw, 1024px\" \/><\/figure>\n\n\n\n<figure class=\"wp-block-image size-large\"><img decoding=\"async\" loading=\"lazy\" width=\"1024\" height=\"768\" data-id=\"3077\"  src=\"https:\/\/www.sacrecoeurvercel.com\/wp-content\/uploads\/2023\/03\/Pastorale-midi-3.jpg\" alt=\"\" class=\"wp-image-3077\" srcset=\"https:\/\/www.sacrecoeurvercel.com\/wp-content\/uploads\/2023\/03\/Pastorale-midi-3.jpg 1024w, https:\/\/www.sacrecoeurvercel.com\/wp-content\/uploads\/2023\/03\/Pastorale-midi-3-300x225.jpg 300w, https:\/\/www.sacrecoeurvercel.com\/wp-content\/uploads\/2023\/03\/Pastorale-midi-3-768x576.jpg 768w\" sizes=\"(max-width: 1024px) 100vw, 1024px\" \/><\/figure>\n\n\n\n<figure class=\"wp-block-image size-large\"><img decoding=\"async\" loading=\"lazy\" width=\"768\" height=\"1024\" data-id=\"3075\"  src=\"https:\/\/www.sacrecoeurvercel.com\/wp-content\/uploads\/2023\/03\/Pastorale-midi.jpg\" alt=\"\" class=\"wp-image-3075\" srcset=\"https:\/\/www.sacrecoeurvercel.com\/wp-content\/uploads\/2023\/03\/Pastorale-midi.jpg 768w, https:\/\/www.sacrecoeurvercel.com\/wp-content\/uploads\/2023\/03\/Pastorale-midi-225x300.jpg 225w, https:\/\/www.sacrecoeurvercel.com\/wp-content\/uploads\/2023\/03\/Pastorale-midi-300x400.jpg 300w\" sizes=\"(max-width: 768px) 100vw, 768px\" \/><\/figure>\n<\/figure>\n\n\n\n<p>Originaire de Franche-Comt\u00e9 et install\u00e9e au Qu\u00e9bec depuis plusieurs ann\u00e9es, c&rsquo;est avec une grande joie que Patricia Shayato est venue partager quelques-unes des ses compositions aupr\u00e8s des enfants de l&rsquo;\u00e9cole du Sacr\u00e9 Coeur pendant la pause m\u00e9ridienne. Accompagn\u00e9es de sa guitare, les chansons partag\u00e9es \u00e0 cette occasion prennent place dans un conte invitant \u00e0 revenir \u00e0 l&rsquo;int\u00e9rieur, \u00e0 se reconnecter avec le coeur, avec la nature et le vivant. Les enfants ont particip\u00e9 \u00e0 cette pause musicale avec beaucoup d&rsquo;enthousiasme et de spontan\u00e9it\u00e9.<\/p>\n\n\n\n<p>Un grand merci \u00e0 Patricia qui repart pour le Qu\u00e9bec apr\u00e8s un s\u00e9jour chez ses parents, domicili\u00e9s \u00e0 Vercel.<\/p>\n","protected":false},"excerpt":{"rendered":"<p>Originaire de Franche-Comt\u00e9 et install\u00e9e au Qu\u00e9bec depuis plusieurs ann\u00e9es, c&rsquo;est avec une grande joie que Patricia Shayato est venue partager quelques-unes des ses compositions aupr\u00e8s des enfants de l&rsquo;\u00e9cole du Sacr\u00e9 Coeur pendant la&#8230;<\/p>\n","protected":false},"author":6,"featured_media":3077,"comment_status":"closed","ping_status":"closed","sticky":false,"template":"","format":"standard","meta":[],"categories":[6],"tags":[],"_links":{"self":[{"href":"https:\/\/www.sacrecoeurvercel.com\/index.php\/wp-json\/wp\/v2\/posts\/3073"}],"collection":[{"href":"https:\/\/www.sacrecoeurvercel.com\/index.php\/wp-json\/wp\/v2\/posts"}],"about":[{"href":"https:\/\/www.sacrecoeurvercel.com\/index.php\/wp-json\/wp\/v2\/types\/post"}],"author":[{"embeddable":true,"href":"https:\/\/www.sacrecoeurvercel.com\/index.php\/wp-json\/wp\/v2\/users\/6"}],"replies":[{"embeddable":true,"href":"https:\/\/www.sacrecoeurvercel.com\/index.php\/wp-json\/wp\/v2\/comments?post=3073"}],"version-history":[{"count":2,"href":"https:\/\/www.sacrecoeurvercel.com\/index.php\/wp-json\/wp\/v2\/posts\/3073\/revisions"}],"predecessor-version":[{"id":3079,"href":"https:\/\/www.sacrecoeurvercel.com\/index.php\/wp-json\/wp\/v2\/posts\/3073\/revisions\/3079"}],"wp:featuredmedia":[{"embeddable":true,"href":"https:\/\/www.sacrecoeurvercel.com\/index.php\/wp-json\/wp\/v2\/media\/3077"}],"wp:attachment":[{"href":"https:\/\/www.sacrecoeurvercel.com\/index.php\/wp-json\/wp\/v2\/media?parent=3073"}],"wp:term":[{"taxonomy":"category","embeddable":true,"href":"https:\/\/www.sacrecoeurvercel.com\/index.php\/wp-json\/wp\/v2\/categories?post=3073"},{"taxonomy":"post_tag","embeddable":true,"href":"https:\/\/www.sacrecoeurvercel.com\/index.php\/wp-json\/wp\/v2\/tags?post=3073"}],"curies":[{"name":"wp","href":"https:\/\/api.w.org\/{rel}","templated":true}]}}