{"id":3247,"date":"2023-12-02T18:53:58","date_gmt":"2023-12-02T18:53:58","guid":{"rendered":"https:\/\/www.sacrecoeurvercel.com\/?p=3247"},"modified":"2023-12-06T19:20:29","modified_gmt":"2023-12-06T19:20:29","slug":"concert-de-la-chorale-a-leglise-de-valdahon-le-samedi-2-decembre-2023-pour-la-mise-en-place-de-la-creche","status":"publish","type":"post","link":"https:\/\/www.sacrecoeurvercel.com\/index.php\/2023\/12\/02\/concert-de-la-chorale-a-leglise-de-valdahon-le-samedi-2-decembre-2023-pour-la-mise-en-place-de-la-creche\/","title":{"rendered":"Concert de la chorale \u00e0 l&rsquo;\u00e9glise de Valdahon, le samedi 2 d\u00e9cembre 2023 pour la mise en place de la cr\u00e8che."},"content":{"rendered":"\n<figure class=\"is-layout-flex wp-block-gallery-1 wp-block-gallery has-nested-images columns-default is-cropped\">\n<figure class=\"wp-block-image size-large\"><img decoding=\"async\" loading=\"lazy\" width=\"577\" height=\"1024\" data-id=\"3249\"  src=\"https:\/\/www.sacrecoeurvercel.com\/wp-content\/uploads\/2023\/12\/IMG-20231202-WA0017-577x1024.jpg\" alt=\"\" class=\"wp-image-3249\" srcset=\"https:\/\/www.sacrecoeurvercel.com\/wp-content\/uploads\/2023\/12\/IMG-20231202-WA0017-577x1024.jpg 577w, https:\/\/www.sacrecoeurvercel.com\/wp-content\/uploads\/2023\/12\/IMG-20231202-WA0017-169x300.jpg 169w, https:\/\/www.sacrecoeurvercel.com\/wp-content\/uploads\/2023\/12\/IMG-20231202-WA0017-768x1362.jpg 768w, https:\/\/www.sacrecoeurvercel.com\/wp-content\/uploads\/2023\/12\/IMG-20231202-WA0017-866x1536.jpg 866w, https:\/\/www.sacrecoeurvercel.com\/wp-content\/uploads\/2023\/12\/IMG-20231202-WA0017.jpg 902w\" sizes=\"(max-width: 577px) 100vw, 577px\" \/><\/figure>\n\n\n\n<figure class=\"wp-block-image size-large\"><img decoding=\"async\" loading=\"lazy\" width=\"836\" height=\"483\" data-id=\"3248\"  src=\"https:\/\/www.sacrecoeurvercel.com\/wp-content\/uploads\/2023\/12\/IMG-20231202-WA0018b.jpg\" alt=\"\" class=\"wp-image-3248\" srcset=\"https:\/\/www.sacrecoeurvercel.com\/wp-content\/uploads\/2023\/12\/IMG-20231202-WA0018b.jpg 836w, https:\/\/www.sacrecoeurvercel.com\/wp-content\/uploads\/2023\/12\/IMG-20231202-WA0018b-300x173.jpg 300w, https:\/\/www.sacrecoeurvercel.com\/wp-content\/uploads\/2023\/12\/IMG-20231202-WA0018b-768x444.jpg 768w\" sizes=\"(max-width: 836px) 100vw, 836px\" \/><\/figure>\n<\/figure>\n\n\n\n<figure class=\"wp-block-audio\"><audio controls src=\"https:\/\/www.sacrecoeurvercel.com\/wp-content\/uploads\/2023\/12\/VID-20231202-WA0016f.mp3\"><\/audio><\/figure>\n\n\n\n<p>De belles valeurs transmises: partage et g\u00e9n\u00e9rosit\u00e9. Quel beau moment pour nos jeunes et leur public. Le prochain rendez-vous sera le samedi 6 janvier 2024 \u00e0 l&rsquo;\u00e9glise de Vercel.<\/p>\n","protected":false},"excerpt":{"rendered":"<p>De belles valeurs transmises: partage et g\u00e9n\u00e9rosit\u00e9. Quel beau moment pour nos jeunes et leur public. Le prochain rendez-vous sera le samedi 6 janvier 2024 \u00e0 l&rsquo;\u00e9glise de Vercel.<\/p>\n","protected":false},"author":5,"featured_media":3250,"comment_status":"closed","ping_status":"closed","sticky":false,"template":"","format":"standard","meta":[],"categories":[7,4,31],"tags":[],"_links":{"self":[{"href":"https:\/\/www.sacrecoeurvercel.com\/index.php\/wp-json\/wp\/v2\/posts\/3247"}],"collection":[{"href":"https:\/\/www.sacrecoeurvercel.com\/index.php\/wp-json\/wp\/v2\/posts"}],"about":[{"href":"https:\/\/www.sacrecoeurvercel.com\/index.php\/wp-json\/wp\/v2\/types\/post"}],"author":[{"embeddable":true,"href":"https:\/\/www.sacrecoeurvercel.com\/index.php\/wp-json\/wp\/v2\/users\/5"}],"replies":[{"embeddable":true,"href":"https:\/\/www.sacrecoeurvercel.com\/index.php\/wp-json\/wp\/v2\/comments?post=3247"}],"version-history":[{"count":2,"href":"https:\/\/www.sacrecoeurvercel.com\/index.php\/wp-json\/wp\/v2\/posts\/3247\/revisions"}],"predecessor-version":[{"id":3253,"href":"https:\/\/www.sacrecoeurvercel.com\/index.php\/wp-json\/wp\/v2\/posts\/3247\/revisions\/3253"}],"wp:featuredmedia":[{"embeddable":true,"href":"https:\/\/www.sacrecoeurvercel.com\/index.php\/wp-json\/wp\/v2\/media\/3250"}],"wp:attachment":[{"href":"https:\/\/www.sacrecoeurvercel.com\/index.php\/wp-json\/wp\/v2\/media?parent=3247"}],"wp:term":[{"taxonomy":"category","embeddable":true,"href":"https:\/\/www.sacrecoeurvercel.com\/index.php\/wp-json\/wp\/v2\/categories?post=3247"},{"taxonomy":"post_tag","embeddable":true,"href":"https:\/\/www.sacrecoeurvercel.com\/index.php\/wp-json\/wp\/v2\/tags?post=3247"}],"curies":[{"name":"wp","href":"https:\/\/api.w.org\/{rel}","templated":true}]}}