{"id":3284,"date":"2024-01-26T10:38:45","date_gmt":"2024-01-26T10:38:45","guid":{"rendered":"https:\/\/www.sacrecoeurvercel.com\/?p=3284"},"modified":"2024-01-26T10:38:45","modified_gmt":"2024-01-26T10:38:45","slug":"1ere-participation-pour-le-college","status":"publish","type":"post","link":"https:\/\/www.sacrecoeurvercel.com\/index.php\/2024\/01\/26\/1ere-participation-pour-le-college\/","title":{"rendered":"1\u00e8re participation pour le coll\u00e8ge!"},"content":{"rendered":"<div class=\"wp-block-image\">\n<figure class=\"aligncenter size-full\"><img decoding=\"async\" loading=\"lazy\" width=\"415\" height=\"511\" src=\"https:\/\/www.sacrecoeurvercel.com\/wp-content\/uploads\/2024\/01\/affiche-concours-de-maths.jpg\" alt=\"\" class=\"wp-image-3285\" srcset=\"https:\/\/www.sacrecoeurvercel.com\/wp-content\/uploads\/2024\/01\/affiche-concours-de-maths.jpg 415w, https:\/\/www.sacrecoeurvercel.com\/wp-content\/uploads\/2024\/01\/affiche-concours-de-maths-244x300.jpg 244w\" sizes=\"(max-width: 415px) 100vw, 415px\" \/><\/figure><\/div>\n\n\n<p>Le coll\u00e8ge organise pour la 1\u00e8re fois le concours Dr\u00f4les de maths pour la semaine des math\u00e9matiques dont le th\u00e8me est: \u00ab\u00a0l&rsquo;important c&rsquo;est de participer !\u00a0\u00bb<\/p>\n","protected":false},"excerpt":{"rendered":"<p>Le coll\u00e8ge organise pour la 1\u00e8re fois le concours Dr\u00f4les de maths pour la semaine des math\u00e9matiques dont le th\u00e8me est: \u00ab\u00a0l&rsquo;important c&rsquo;est de participer !\u00a0\u00bb<\/p>\n","protected":false},"author":5,"featured_media":3285,"comment_status":"closed","ping_status":"closed","sticky":false,"template":"","format":"standard","meta":[],"categories":[7,17],"tags":[],"_links":{"self":[{"href":"https:\/\/www.sacrecoeurvercel.com\/index.php\/wp-json\/wp\/v2\/posts\/3284"}],"collection":[{"href":"https:\/\/www.sacrecoeurvercel.com\/index.php\/wp-json\/wp\/v2\/posts"}],"about":[{"href":"https:\/\/www.sacrecoeurvercel.com\/index.php\/wp-json\/wp\/v2\/types\/post"}],"author":[{"embeddable":true,"href":"https:\/\/www.sacrecoeurvercel.com\/index.php\/wp-json\/wp\/v2\/users\/5"}],"replies":[{"embeddable":true,"href":"https:\/\/www.sacrecoeurvercel.com\/index.php\/wp-json\/wp\/v2\/comments?post=3284"}],"version-history":[{"count":1,"href":"https:\/\/www.sacrecoeurvercel.com\/index.php\/wp-json\/wp\/v2\/posts\/3284\/revisions"}],"predecessor-version":[{"id":3286,"href":"https:\/\/www.sacrecoeurvercel.com\/index.php\/wp-json\/wp\/v2\/posts\/3284\/revisions\/3286"}],"wp:featuredmedia":[{"embeddable":true,"href":"https:\/\/www.sacrecoeurvercel.com\/index.php\/wp-json\/wp\/v2\/media\/3285"}],"wp:attachment":[{"href":"https:\/\/www.sacrecoeurvercel.com\/index.php\/wp-json\/wp\/v2\/media?parent=3284"}],"wp:term":[{"taxonomy":"category","embeddable":true,"href":"https:\/\/www.sacrecoeurvercel.com\/index.php\/wp-json\/wp\/v2\/categories?post=3284"},{"taxonomy":"post_tag","embeddable":true,"href":"https:\/\/www.sacrecoeurvercel.com\/index.php\/wp-json\/wp\/v2\/tags?post=3284"}],"curies":[{"name":"wp","href":"https:\/\/api.w.org\/{rel}","templated":true}]}}