{"id":3715,"date":"2024-09-26T16:33:49","date_gmt":"2024-09-26T16:33:49","guid":{"rendered":"https:\/\/www.sacrecoeurvercel.com\/?p=3715"},"modified":"2024-09-26T16:36:54","modified_gmt":"2024-09-26T16:36:54","slug":"__trashed","status":"publish","type":"post","link":"https:\/\/www.sacrecoeurvercel.com\/index.php\/2024\/09\/26\/__trashed\/","title":{"rendered":"les 6\u00e8me A et C partent sur les traces du Petit prince."},"content":{"rendered":"\n<p>Cette ann\u00e9e, en fran\u00e7ais les 6\u00e8me travaillent sur le livre du Petit prince d&rsquo;Antoine de Saint Exupery. En math\u00e9matiques, nous allons suivre les m\u00eames aventures. La 1\u00e8re commence avec: \u00ab\u00a0Dessine moi un mouton!\u00a0\u00bb Voici leur cr\u00e9ation d&rsquo;animal \u00e0 partir de diff\u00e9rents patrons. Bravo \u00e0 eux pour ce 1er travail.<\/p>\n\n\n\n<figure class=\"is-layout-flex wp-block-gallery-1 wp-block-gallery has-nested-images columns-default is-cropped\">\n<figure class=\"wp-block-image size-large\"><img decoding=\"async\" loading=\"lazy\" width=\"1024\" height=\"768\" data-id=\"3717\"  src=\"https:\/\/www.sacrecoeurvercel.com\/wp-content\/uploads\/2024\/09\/20240924_165513-1024x768.jpg\" alt=\"\" class=\"wp-image-3717\" srcset=\"https:\/\/www.sacrecoeurvercel.com\/wp-content\/uploads\/2024\/09\/20240924_165513-1024x768.jpg 1024w, https:\/\/www.sacrecoeurvercel.com\/wp-content\/uploads\/2024\/09\/20240924_165513-300x225.jpg 300w, https:\/\/www.sacrecoeurvercel.com\/wp-content\/uploads\/2024\/09\/20240924_165513-768x576.jpg 768w, https:\/\/www.sacrecoeurvercel.com\/wp-content\/uploads\/2024\/09\/20240924_165513-1536x1152.jpg 1536w, https:\/\/www.sacrecoeurvercel.com\/wp-content\/uploads\/2024\/09\/20240924_165513-2048x1536.jpg 2048w\" sizes=\"(max-width: 1024px) 100vw, 1024px\" \/><\/figure>\n\n\n\n<figure class=\"wp-block-image size-large\"><img decoding=\"async\" loading=\"lazy\" width=\"1024\" height=\"838\" data-id=\"3718\"  src=\"https:\/\/www.sacrecoeurvercel.com\/wp-content\/uploads\/2024\/09\/20240924_165523-1024x838.jpg\" alt=\"\" class=\"wp-image-3718\" srcset=\"https:\/\/www.sacrecoeurvercel.com\/wp-content\/uploads\/2024\/09\/20240924_165523-1024x838.jpg 1024w, https:\/\/www.sacrecoeurvercel.com\/wp-content\/uploads\/2024\/09\/20240924_165523-300x246.jpg 300w, https:\/\/www.sacrecoeurvercel.com\/wp-content\/uploads\/2024\/09\/20240924_165523-768x629.jpg 768w, https:\/\/www.sacrecoeurvercel.com\/wp-content\/uploads\/2024\/09\/20240924_165523-1536x1257.jpg 1536w, https:\/\/www.sacrecoeurvercel.com\/wp-content\/uploads\/2024\/09\/20240924_165523-2048x1676.jpg 2048w\" sizes=\"(max-width: 1024px) 100vw, 1024px\" \/><\/figure>\n\n\n\n<figure class=\"wp-block-image size-large\"><img decoding=\"async\" loading=\"lazy\" width=\"1024\" height=\"378\" data-id=\"3720\"  src=\"https:\/\/www.sacrecoeurvercel.com\/wp-content\/uploads\/2024\/09\/20240926_170204-1024x378.jpg\" alt=\"\" class=\"wp-image-3720\" srcset=\"https:\/\/www.sacrecoeurvercel.com\/wp-content\/uploads\/2024\/09\/20240926_170204-1024x378.jpg 1024w, https:\/\/www.sacrecoeurvercel.com\/wp-content\/uploads\/2024\/09\/20240926_170204-300x111.jpg 300w, https:\/\/www.sacrecoeurvercel.com\/wp-content\/uploads\/2024\/09\/20240926_170204-768x283.jpg 768w, https:\/\/www.sacrecoeurvercel.com\/wp-content\/uploads\/2024\/09\/20240926_170204-1536x566.jpg 1536w, https:\/\/www.sacrecoeurvercel.com\/wp-content\/uploads\/2024\/09\/20240926_170204-2048x755.jpg 2048w\" sizes=\"(max-width: 1024px) 100vw, 1024px\" \/><\/figure>\n\n\n\n<figure class=\"wp-block-image size-large\"><img decoding=\"async\" loading=\"lazy\" width=\"1024\" height=\"768\" data-id=\"3719\"  src=\"https:\/\/www.sacrecoeurvercel.com\/wp-content\/uploads\/2024\/09\/20240926_170150-1024x768.jpg\" alt=\"\" class=\"wp-image-3719\" srcset=\"https:\/\/www.sacrecoeurvercel.com\/wp-content\/uploads\/2024\/09\/20240926_170150-1024x768.jpg 1024w, https:\/\/www.sacrecoeurvercel.com\/wp-content\/uploads\/2024\/09\/20240926_170150-300x225.jpg 300w, https:\/\/www.sacrecoeurvercel.com\/wp-content\/uploads\/2024\/09\/20240926_170150-768x576.jpg 768w, https:\/\/www.sacrecoeurvercel.com\/wp-content\/uploads\/2024\/09\/20240926_170150-1536x1152.jpg 1536w, https:\/\/www.sacrecoeurvercel.com\/wp-content\/uploads\/2024\/09\/20240926_170150-2048x1536.jpg 2048w\" sizes=\"(max-width: 1024px) 100vw, 1024px\" \/><\/figure>\n<\/figure>\n","protected":false},"excerpt":{"rendered":"<p>Cette ann\u00e9e, en fran\u00e7ais les 6\u00e8me travaillent sur le livre du Petit prince d&rsquo;Antoine de Saint Exupery. En math\u00e9matiques, nous allons suivre les m\u00eames aventures. La 1\u00e8re commence avec: \u00ab\u00a0Dessine moi un mouton!\u00a0\u00bb Voici leur&#8230;<\/p>\n","protected":false},"author":5,"featured_media":3716,"comment_status":"closed","ping_status":"closed","sticky":false,"template":"","format":"standard","meta":[],"categories":[17],"tags":[],"_links":{"self":[{"href":"https:\/\/www.sacrecoeurvercel.com\/index.php\/wp-json\/wp\/v2\/posts\/3715"}],"collection":[{"href":"https:\/\/www.sacrecoeurvercel.com\/index.php\/wp-json\/wp\/v2\/posts"}],"about":[{"href":"https:\/\/www.sacrecoeurvercel.com\/index.php\/wp-json\/wp\/v2\/types\/post"}],"author":[{"embeddable":true,"href":"https:\/\/www.sacrecoeurvercel.com\/index.php\/wp-json\/wp\/v2\/users\/5"}],"replies":[{"embeddable":true,"href":"https:\/\/www.sacrecoeurvercel.com\/index.php\/wp-json\/wp\/v2\/comments?post=3715"}],"version-history":[{"count":3,"href":"https:\/\/www.sacrecoeurvercel.com\/index.php\/wp-json\/wp\/v2\/posts\/3715\/revisions"}],"predecessor-version":[{"id":3724,"href":"https:\/\/www.sacrecoeurvercel.com\/index.php\/wp-json\/wp\/v2\/posts\/3715\/revisions\/3724"}],"wp:featuredmedia":[{"embeddable":true,"href":"https:\/\/www.sacrecoeurvercel.com\/index.php\/wp-json\/wp\/v2\/media\/3716"}],"wp:attachment":[{"href":"https:\/\/www.sacrecoeurvercel.com\/index.php\/wp-json\/wp\/v2\/media?parent=3715"}],"wp:term":[{"taxonomy":"category","embeddable":true,"href":"https:\/\/www.sacrecoeurvercel.com\/index.php\/wp-json\/wp\/v2\/categories?post=3715"},{"taxonomy":"post_tag","embeddable":true,"href":"https:\/\/www.sacrecoeurvercel.com\/index.php\/wp-json\/wp\/v2\/tags?post=3715"}],"curies":[{"name":"wp","href":"https:\/\/api.w.org\/{rel}","templated":true}]}}