{"id":3980,"date":"2024-11-15T11:09:05","date_gmt":"2024-11-15T11:09:05","guid":{"rendered":"https:\/\/www.sacrecoeurvercel.com\/?p=3980"},"modified":"2024-11-16T21:22:17","modified_gmt":"2024-11-16T21:22:17","slug":"ceremonie-pour-le-depot-dun-drapeau-historique-pour-les-eleves-de-3eme","status":"publish","type":"post","link":"https:\/\/www.sacrecoeurvercel.com\/index.php\/2024\/11\/15\/ceremonie-pour-le-depot-dun-drapeau-historique-pour-les-eleves-de-3eme\/","title":{"rendered":"C\u00e9r\u00e9monie pour le d\u00e9p\u00f4t d&rsquo;un drapeau historique pour les \u00e9l\u00e8ves de 3\u00e8me."},"content":{"rendered":"\n<p>C\u00e9r\u00e9monie officielle de remise d&rsquo;un drapeau historique de France par l&rsquo;association du Souvenir Fran\u00e7ais avec les \u00e9l\u00e8ves de 3\u00e8me.<\/p>\n\n\n\n<figure class=\"is-layout-flex wp-block-gallery-1 wp-block-gallery has-nested-images columns-default is-cropped\">\n<figure class=\"wp-block-image size-large\"><img decoding=\"async\" loading=\"lazy\" width=\"1024\" height=\"768\" data-id=\"3981\"  src=\"https:\/\/www.sacrecoeurvercel.com\/wp-content\/uploads\/2024\/11\/1000015610-1024x768.jpg\" alt=\"\" class=\"wp-image-3981\" srcset=\"https:\/\/www.sacrecoeurvercel.com\/wp-content\/uploads\/2024\/11\/1000015610-1024x768.jpg 1024w, https:\/\/www.sacrecoeurvercel.com\/wp-content\/uploads\/2024\/11\/1000015610-300x225.jpg 300w, https:\/\/www.sacrecoeurvercel.com\/wp-content\/uploads\/2024\/11\/1000015610-768x576.jpg 768w, https:\/\/www.sacrecoeurvercel.com\/wp-content\/uploads\/2024\/11\/1000015610-1536x1152.jpg 1536w, https:\/\/www.sacrecoeurvercel.com\/wp-content\/uploads\/2024\/11\/1000015610.jpg 1600w\" sizes=\"(max-width: 1024px) 100vw, 1024px\" \/><\/figure>\n\n\n\n<figure class=\"wp-block-image size-large\"><img decoding=\"async\" loading=\"lazy\" width=\"1024\" height=\"768\" data-id=\"3982\"  src=\"https:\/\/www.sacrecoeurvercel.com\/wp-content\/uploads\/2024\/11\/1000015601-1024x768.jpg\" alt=\"\" class=\"wp-image-3982\" srcset=\"https:\/\/www.sacrecoeurvercel.com\/wp-content\/uploads\/2024\/11\/1000015601-1024x768.jpg 1024w, https:\/\/www.sacrecoeurvercel.com\/wp-content\/uploads\/2024\/11\/1000015601-300x225.jpg 300w, https:\/\/www.sacrecoeurvercel.com\/wp-content\/uploads\/2024\/11\/1000015601-768x576.jpg 768w, https:\/\/www.sacrecoeurvercel.com\/wp-content\/uploads\/2024\/11\/1000015601-1536x1152.jpg 1536w, https:\/\/www.sacrecoeurvercel.com\/wp-content\/uploads\/2024\/11\/1000015601.jpg 1600w\" sizes=\"(max-width: 1024px) 100vw, 1024px\" \/><\/figure>\n\n\n\n<figure class=\"wp-block-image size-large\"><img decoding=\"async\" loading=\"lazy\" width=\"1024\" height=\"768\" data-id=\"3983\"  src=\"https:\/\/www.sacrecoeurvercel.com\/wp-content\/uploads\/2024\/11\/1000015619-1024x768.jpg\" alt=\"\" class=\"wp-image-3983\" srcset=\"https:\/\/www.sacrecoeurvercel.com\/wp-content\/uploads\/2024\/11\/1000015619-1024x768.jpg 1024w, https:\/\/www.sacrecoeurvercel.com\/wp-content\/uploads\/2024\/11\/1000015619-300x225.jpg 300w, https:\/\/www.sacrecoeurvercel.com\/wp-content\/uploads\/2024\/11\/1000015619-768x576.jpg 768w, https:\/\/www.sacrecoeurvercel.com\/wp-content\/uploads\/2024\/11\/1000015619-1536x1152.jpg 1536w, https:\/\/www.sacrecoeurvercel.com\/wp-content\/uploads\/2024\/11\/1000015619.jpg 1600w\" sizes=\"(max-width: 1024px) 100vw, 1024px\" \/><\/figure>\n\n\n\n<figure class=\"wp-block-image size-large\"><img decoding=\"async\" loading=\"lazy\" width=\"1024\" height=\"768\" data-id=\"3985\"  src=\"https:\/\/www.sacrecoeurvercel.com\/wp-content\/uploads\/2024\/11\/IMG-20241116-WA0005-1024x768.jpg\" alt=\"\" class=\"wp-image-3985\" srcset=\"https:\/\/www.sacrecoeurvercel.com\/wp-content\/uploads\/2024\/11\/IMG-20241116-WA0005-1024x768.jpg 1024w, https:\/\/www.sacrecoeurvercel.com\/wp-content\/uploads\/2024\/11\/IMG-20241116-WA0005-300x225.jpg 300w, https:\/\/www.sacrecoeurvercel.com\/wp-content\/uploads\/2024\/11\/IMG-20241116-WA0005-768x576.jpg 768w, https:\/\/www.sacrecoeurvercel.com\/wp-content\/uploads\/2024\/11\/IMG-20241116-WA0005-1536x1152.jpg 1536w, https:\/\/www.sacrecoeurvercel.com\/wp-content\/uploads\/2024\/11\/IMG-20241116-WA0005.jpg 1600w\" sizes=\"(max-width: 1024px) 100vw, 1024px\" \/><\/figure>\n\n\n\n<figure class=\"wp-block-image size-large\"><img decoding=\"async\" loading=\"lazy\" width=\"1024\" height=\"768\" data-id=\"3984\"  src=\"https:\/\/www.sacrecoeurvercel.com\/wp-content\/uploads\/2024\/11\/1000015613-1024x768.jpg\" alt=\"\" class=\"wp-image-3984\" srcset=\"https:\/\/www.sacrecoeurvercel.com\/wp-content\/uploads\/2024\/11\/1000015613-1024x768.jpg 1024w, https:\/\/www.sacrecoeurvercel.com\/wp-content\/uploads\/2024\/11\/1000015613-300x225.jpg 300w, https:\/\/www.sacrecoeurvercel.com\/wp-content\/uploads\/2024\/11\/1000015613-768x576.jpg 768w, https:\/\/www.sacrecoeurvercel.com\/wp-content\/uploads\/2024\/11\/1000015613-1536x1152.jpg 1536w, https:\/\/www.sacrecoeurvercel.com\/wp-content\/uploads\/2024\/11\/1000015613.jpg 1600w\" sizes=\"(max-width: 1024px) 100vw, 1024px\" \/><\/figure>\n<\/figure>\n\n\n\n<figure class=\"is-layout-flex wp-block-gallery-3 wp-block-gallery has-nested-images columns-default is-cropped\">\n<figure class=\"wp-block-image size-large\"><img decoding=\"async\" loading=\"lazy\" width=\"681\" height=\"1024\" data-id=\"3990\"  src=\"https:\/\/www.sacrecoeurvercel.com\/wp-content\/uploads\/2024\/11\/1000015720-681x1024.jpg\" alt=\"\" class=\"wp-image-3990\" srcset=\"https:\/\/www.sacrecoeurvercel.com\/wp-content\/uploads\/2024\/11\/1000015720-681x1024.jpg 681w, https:\/\/www.sacrecoeurvercel.com\/wp-content\/uploads\/2024\/11\/1000015720-200x300.jpg 200w, https:\/\/www.sacrecoeurvercel.com\/wp-content\/uploads\/2024\/11\/1000015720-768x1155.jpg 768w, https:\/\/www.sacrecoeurvercel.com\/wp-content\/uploads\/2024\/11\/1000015720-1021x1536.jpg 1021w, https:\/\/www.sacrecoeurvercel.com\/wp-content\/uploads\/2024\/11\/1000015720.jpg 1080w\" sizes=\"(max-width: 681px) 100vw, 681px\" \/><\/figure>\n\n\n\n<figure class=\"wp-block-image size-large\"><img decoding=\"async\" loading=\"lazy\" width=\"936\" height=\"1024\" data-id=\"3989\"  src=\"https:\/\/www.sacrecoeurvercel.com\/wp-content\/uploads\/2024\/11\/1000015719-936x1024.jpg\" alt=\"\" class=\"wp-image-3989\" srcset=\"https:\/\/www.sacrecoeurvercel.com\/wp-content\/uploads\/2024\/11\/1000015719-936x1024.jpg 936w, https:\/\/www.sacrecoeurvercel.com\/wp-content\/uploads\/2024\/11\/1000015719-274x300.jpg 274w, https:\/\/www.sacrecoeurvercel.com\/wp-content\/uploads\/2024\/11\/1000015719-768x841.jpg 768w, https:\/\/www.sacrecoeurvercel.com\/wp-content\/uploads\/2024\/11\/1000015719.jpg 1080w\" sizes=\"(max-width: 936px) 100vw, 936px\" \/><\/figure>\n<\/figure>\n","protected":false},"excerpt":{"rendered":"<p>C\u00e9r\u00e9monie officielle de remise d&rsquo;un drapeau historique de France par l&rsquo;association du Souvenir Fran\u00e7ais avec les \u00e9l\u00e8ves de 3\u00e8me.<\/p>\n","protected":false},"author":5,"featured_media":3984,"comment_status":"closed","ping_status":"closed","sticky":false,"template":"","format":"standard","meta":[],"categories":[7,4,15],"tags":[],"_links":{"self":[{"href":"https:\/\/www.sacrecoeurvercel.com\/index.php\/wp-json\/wp\/v2\/posts\/3980"}],"collection":[{"href":"https:\/\/www.sacrecoeurvercel.com\/index.php\/wp-json\/wp\/v2\/posts"}],"about":[{"href":"https:\/\/www.sacrecoeurvercel.com\/index.php\/wp-json\/wp\/v2\/types\/post"}],"author":[{"embeddable":true,"href":"https:\/\/www.sacrecoeurvercel.com\/index.php\/wp-json\/wp\/v2\/users\/5"}],"replies":[{"embeddable":true,"href":"https:\/\/www.sacrecoeurvercel.com\/index.php\/wp-json\/wp\/v2\/comments?post=3980"}],"version-history":[{"count":4,"href":"https:\/\/www.sacrecoeurvercel.com\/index.php\/wp-json\/wp\/v2\/posts\/3980\/revisions"}],"predecessor-version":[{"id":3992,"href":"https:\/\/www.sacrecoeurvercel.com\/index.php\/wp-json\/wp\/v2\/posts\/3980\/revisions\/3992"}],"wp:featuredmedia":[{"embeddable":true,"href":"https:\/\/www.sacrecoeurvercel.com\/index.php\/wp-json\/wp\/v2\/media\/3984"}],"wp:attachment":[{"href":"https:\/\/www.sacrecoeurvercel.com\/index.php\/wp-json\/wp\/v2\/media?parent=3980"}],"wp:term":[{"taxonomy":"category","embeddable":true,"href":"https:\/\/www.sacrecoeurvercel.com\/index.php\/wp-json\/wp\/v2\/categories?post=3980"},{"taxonomy":"post_tag","embeddable":true,"href":"https:\/\/www.sacrecoeurvercel.com\/index.php\/wp-json\/wp\/v2\/tags?post=3980"}],"curies":[{"name":"wp","href":"https:\/\/api.w.org\/{rel}","templated":true}]}}