{"id":4061,"date":"2024-11-24T22:27:37","date_gmt":"2024-11-24T22:27:37","guid":{"rendered":"https:\/\/www.sacrecoeurvercel.com\/?p=4061"},"modified":"2024-12-15T22:36:11","modified_gmt":"2024-12-15T22:36:11","slug":"la-chorale-fait-sa-1ere-representation-de-lannee-au-kursaal-de-besancon","status":"publish","type":"post","link":"https:\/\/www.sacrecoeurvercel.com\/index.php\/2024\/11\/24\/la-chorale-fait-sa-1ere-representation-de-lannee-au-kursaal-de-besancon\/","title":{"rendered":"La chorale fait sa 1\u00e8re repr\u00e9sentation de l&rsquo;ann\u00e9e au Kursaal de Besan\u00e7on."},"content":{"rendered":"\n<figure class=\"is-layout-flex wp-block-gallery-1 wp-block-gallery has-nested-images columns-default is-cropped\">\n<figure class=\"wp-block-image size-large\"><img decoding=\"async\" loading=\"lazy\" width=\"723\" height=\"1024\" data-id=\"4062\"  src=\"https:\/\/www.sacrecoeurvercel.com\/wp-content\/uploads\/2024\/12\/IMG-20241112-WA0001-723x1024.jpg\" alt=\"\" class=\"wp-image-4062\" srcset=\"https:\/\/www.sacrecoeurvercel.com\/wp-content\/uploads\/2024\/12\/IMG-20241112-WA0001-723x1024.jpg 723w, https:\/\/www.sacrecoeurvercel.com\/wp-content\/uploads\/2024\/12\/IMG-20241112-WA0001-212x300.jpg 212w, https:\/\/www.sacrecoeurvercel.com\/wp-content\/uploads\/2024\/12\/IMG-20241112-WA0001-768x1087.jpg 768w, https:\/\/www.sacrecoeurvercel.com\/wp-content\/uploads\/2024\/12\/IMG-20241112-WA0001-1085x1536.jpg 1085w, https:\/\/www.sacrecoeurvercel.com\/wp-content\/uploads\/2024\/12\/IMG-20241112-WA0001.jpg 1130w\" sizes=\"(max-width: 723px) 100vw, 723px\" \/><\/figure>\n\n\n\n<figure class=\"wp-block-image size-large\"><img decoding=\"async\" loading=\"lazy\" width=\"1024\" height=\"768\" data-id=\"4064\"  src=\"https:\/\/www.sacrecoeurvercel.com\/wp-content\/uploads\/2024\/12\/IMG-20241124-WA0007-1024x768.jpg\" alt=\"\" class=\"wp-image-4064\" srcset=\"https:\/\/www.sacrecoeurvercel.com\/wp-content\/uploads\/2024\/12\/IMG-20241124-WA0007-1024x768.jpg 1024w, https:\/\/www.sacrecoeurvercel.com\/wp-content\/uploads\/2024\/12\/IMG-20241124-WA0007-300x225.jpg 300w, https:\/\/www.sacrecoeurvercel.com\/wp-content\/uploads\/2024\/12\/IMG-20241124-WA0007-768x576.jpg 768w, https:\/\/www.sacrecoeurvercel.com\/wp-content\/uploads\/2024\/12\/IMG-20241124-WA0007-1536x1152.jpg 1536w, https:\/\/www.sacrecoeurvercel.com\/wp-content\/uploads\/2024\/12\/IMG-20241124-WA0007.jpg 1600w\" sizes=\"(max-width: 1024px) 100vw, 1024px\" \/><\/figure>\n\n\n\n<figure class=\"wp-block-image size-large\"><img decoding=\"async\" loading=\"lazy\" width=\"1024\" height=\"473\" data-id=\"4063\"  src=\"https:\/\/www.sacrecoeurvercel.com\/wp-content\/uploads\/2024\/12\/IMG-20241125-WA0000-1024x473.jpg\" alt=\"\" class=\"wp-image-4063\" srcset=\"https:\/\/www.sacrecoeurvercel.com\/wp-content\/uploads\/2024\/12\/IMG-20241125-WA0000-1024x473.jpg 1024w, https:\/\/www.sacrecoeurvercel.com\/wp-content\/uploads\/2024\/12\/IMG-20241125-WA0000-300x139.jpg 300w, https:\/\/www.sacrecoeurvercel.com\/wp-content\/uploads\/2024\/12\/IMG-20241125-WA0000-768x355.jpg 768w, https:\/\/www.sacrecoeurvercel.com\/wp-content\/uploads\/2024\/12\/IMG-20241125-WA0000-1536x709.jpg 1536w, https:\/\/www.sacrecoeurvercel.com\/wp-content\/uploads\/2024\/12\/IMG-20241125-WA0000.jpg 2040w\" sizes=\"(max-width: 1024px) 100vw, 1024px\" \/><\/figure>\n\n\n\n<figure class=\"wp-block-image size-large\"><img decoding=\"async\" loading=\"lazy\" width=\"768\" height=\"1024\" data-id=\"4065\"  src=\"https:\/\/www.sacrecoeurvercel.com\/wp-content\/uploads\/2024\/12\/IMG-20241125-WA0001-768x1024.jpg\" alt=\"\" class=\"wp-image-4065\" srcset=\"https:\/\/www.sacrecoeurvercel.com\/wp-content\/uploads\/2024\/12\/IMG-20241125-WA0001-768x1024.jpg 768w, https:\/\/www.sacrecoeurvercel.com\/wp-content\/uploads\/2024\/12\/IMG-20241125-WA0001-225x300.jpg 225w, https:\/\/www.sacrecoeurvercel.com\/wp-content\/uploads\/2024\/12\/IMG-20241125-WA0001-300x400.jpg 300w, https:\/\/www.sacrecoeurvercel.com\/wp-content\/uploads\/2024\/12\/IMG-20241125-WA0001-1152x1536.jpg 1152w, https:\/\/www.sacrecoeurvercel.com\/wp-content\/uploads\/2024\/12\/IMG-20241125-WA0001.jpg 1530w\" sizes=\"(max-width: 768px) 100vw, 768px\" \/><\/figure>\n<\/figure>\n\n\n\n<p>La chorale du groupe scolaire accompagn\u00e9e de l&rsquo;harmonie de la Concorde de St Ferjeux a donn\u00e9 son 1er concert de l&rsquo;ann\u00e9e scolaire. Une premi\u00e8re approche qui annonce de futurs beaux et bons moments pour d&rsquo;autres concerts.<\/p>\n","protected":false},"excerpt":{"rendered":"<p>La chorale du groupe scolaire accompagn\u00e9e de l&rsquo;harmonie de la Concorde de St Ferjeux a donn\u00e9 son 1er concert de l&rsquo;ann\u00e9e scolaire. Une premi\u00e8re approche qui annonce de futurs beaux et bons moments pour d&rsquo;autres&#8230;<\/p>\n","protected":false},"author":5,"featured_media":4064,"comment_status":"closed","ping_status":"closed","sticky":false,"template":"","format":"standard","meta":[],"categories":[7,4,6,31],"tags":[],"_links":{"self":[{"href":"https:\/\/www.sacrecoeurvercel.com\/index.php\/wp-json\/wp\/v2\/posts\/4061"}],"collection":[{"href":"https:\/\/www.sacrecoeurvercel.com\/index.php\/wp-json\/wp\/v2\/posts"}],"about":[{"href":"https:\/\/www.sacrecoeurvercel.com\/index.php\/wp-json\/wp\/v2\/types\/post"}],"author":[{"embeddable":true,"href":"https:\/\/www.sacrecoeurvercel.com\/index.php\/wp-json\/wp\/v2\/users\/5"}],"replies":[{"embeddable":true,"href":"https:\/\/www.sacrecoeurvercel.com\/index.php\/wp-json\/wp\/v2\/comments?post=4061"}],"version-history":[{"count":1,"href":"https:\/\/www.sacrecoeurvercel.com\/index.php\/wp-json\/wp\/v2\/posts\/4061\/revisions"}],"predecessor-version":[{"id":4066,"href":"https:\/\/www.sacrecoeurvercel.com\/index.php\/wp-json\/wp\/v2\/posts\/4061\/revisions\/4066"}],"wp:featuredmedia":[{"embeddable":true,"href":"https:\/\/www.sacrecoeurvercel.com\/index.php\/wp-json\/wp\/v2\/media\/4064"}],"wp:attachment":[{"href":"https:\/\/www.sacrecoeurvercel.com\/index.php\/wp-json\/wp\/v2\/media?parent=4061"}],"wp:term":[{"taxonomy":"category","embeddable":true,"href":"https:\/\/www.sacrecoeurvercel.com\/index.php\/wp-json\/wp\/v2\/categories?post=4061"},{"taxonomy":"post_tag","embeddable":true,"href":"https:\/\/www.sacrecoeurvercel.com\/index.php\/wp-json\/wp\/v2\/tags?post=4061"}],"curies":[{"name":"wp","href":"https:\/\/api.w.org\/{rel}","templated":true}]}}