{"id":4096,"date":"2024-12-12T10:28:42","date_gmt":"2024-12-12T10:28:42","guid":{"rendered":"https:\/\/www.sacrecoeurvercel.com\/?p=4096"},"modified":"2024-12-22T10:33:55","modified_gmt":"2024-12-22T10:33:55","slug":"rencontre-dune-professionnelle-pour-les-3e-et-4e-decouverte-professionnelle","status":"publish","type":"post","link":"https:\/\/www.sacrecoeurvercel.com\/index.php\/2024\/12\/12\/rencontre-dune-professionnelle-pour-les-3e-et-4e-decouverte-professionnelle\/","title":{"rendered":"Rencontre d&rsquo;une professionnelle pour les 3e et 4e D\u00e9couverte professionnelle."},"content":{"rendered":"\n<p>Les \u00e9l\u00e8ves de 3e et 4e D\u00e9couverte professionnelle ont rencontr\u00e9 Madame Emma Bettinelli de l&rsquo;ANEFA (Association Nationale pour l&rsquo;Emploi et le Formation en Agriculture). Ils ont ainsi pu explorer les diff\u00e9rents m\u00e9tiers que comporte ce secteur d&rsquo;activit\u00e9 par le biais d&rsquo;activit\u00e9s et de vid\u00e9o.<\/p>\n\n\n\n<p>La s\u00e9ance s&rsquo;est cl\u00f4tur\u00e9e avec le jeu \u00ab\u00a0Mon job c&rsquo;est le vivant\u00a0\u00bb gr\u00e2ce auquel les \u00e9l\u00e8ves ont d\u00e9couvert le m\u00e9tier qui correspondait \u00e0 leurs centres d&rsquo;int\u00e9r\u00eats. Animation garantie !<\/p>\n\n\n\n<p>Nous remercions chaleureusement Madame Bettinelli pour son intervention tr\u00e8s appr\u00e9ci\u00e9e des \u00e9l\u00e8ves, et les cadeaux offerts !<\/p>\n\n\n\n<figure class=\"is-layout-flex wp-block-gallery-1 wp-block-gallery has-nested-images columns-default is-cropped\">\n<figure class=\"wp-block-image size-large\"><img decoding=\"async\" loading=\"lazy\" width=\"1024\" height=\"768\" data-id=\"4094\"  src=\"https:\/\/www.sacrecoeurvercel.com\/wp-content\/uploads\/2024\/12\/IMG20241212162250-Personnalise.jpg\" alt=\"\" class=\"wp-image-4094\" srcset=\"https:\/\/www.sacrecoeurvercel.com\/wp-content\/uploads\/2024\/12\/IMG20241212162250-Personnalise.jpg 1024w, https:\/\/www.sacrecoeurvercel.com\/wp-content\/uploads\/2024\/12\/IMG20241212162250-Personnalise-300x225.jpg 300w, https:\/\/www.sacrecoeurvercel.com\/wp-content\/uploads\/2024\/12\/IMG20241212162250-Personnalise-768x576.jpg 768w\" sizes=\"(max-width: 1024px) 100vw, 1024px\" \/><\/figure>\n\n\n\n<figure class=\"wp-block-image size-large\"><img decoding=\"async\" loading=\"lazy\" width=\"1024\" height=\"768\" data-id=\"4093\"  src=\"https:\/\/www.sacrecoeurvercel.com\/wp-content\/uploads\/2024\/12\/IMG20241212162204-Personnalise.jpg\" alt=\"\" class=\"wp-image-4093\" srcset=\"https:\/\/www.sacrecoeurvercel.com\/wp-content\/uploads\/2024\/12\/IMG20241212162204-Personnalise.jpg 1024w, https:\/\/www.sacrecoeurvercel.com\/wp-content\/uploads\/2024\/12\/IMG20241212162204-Personnalise-300x225.jpg 300w, https:\/\/www.sacrecoeurvercel.com\/wp-content\/uploads\/2024\/12\/IMG20241212162204-Personnalise-768x576.jpg 768w\" sizes=\"(max-width: 1024px) 100vw, 1024px\" \/><\/figure>\n<\/figure>\n","protected":false},"excerpt":{"rendered":"<p>Les \u00e9l\u00e8ves de 3e et 4e D\u00e9couverte professionnelle ont rencontr\u00e9 Madame Emma Bettinelli de l&rsquo;ANEFA (Association Nationale pour l&rsquo;Emploi et le Formation en Agriculture). Ils ont ainsi pu explorer les diff\u00e9rents m\u00e9tiers que comporte ce&#8230;<\/p>\n","protected":false},"author":5,"featured_media":4095,"comment_status":"closed","ping_status":"closed","sticky":false,"template":"","format":"standard","meta":[],"categories":[7,24],"tags":[],"_links":{"self":[{"href":"https:\/\/www.sacrecoeurvercel.com\/index.php\/wp-json\/wp\/v2\/posts\/4096"}],"collection":[{"href":"https:\/\/www.sacrecoeurvercel.com\/index.php\/wp-json\/wp\/v2\/posts"}],"about":[{"href":"https:\/\/www.sacrecoeurvercel.com\/index.php\/wp-json\/wp\/v2\/types\/post"}],"author":[{"embeddable":true,"href":"https:\/\/www.sacrecoeurvercel.com\/index.php\/wp-json\/wp\/v2\/users\/5"}],"replies":[{"embeddable":true,"href":"https:\/\/www.sacrecoeurvercel.com\/index.php\/wp-json\/wp\/v2\/comments?post=4096"}],"version-history":[{"count":1,"href":"https:\/\/www.sacrecoeurvercel.com\/index.php\/wp-json\/wp\/v2\/posts\/4096\/revisions"}],"predecessor-version":[{"id":4097,"href":"https:\/\/www.sacrecoeurvercel.com\/index.php\/wp-json\/wp\/v2\/posts\/4096\/revisions\/4097"}],"wp:featuredmedia":[{"embeddable":true,"href":"https:\/\/www.sacrecoeurvercel.com\/index.php\/wp-json\/wp\/v2\/media\/4095"}],"wp:attachment":[{"href":"https:\/\/www.sacrecoeurvercel.com\/index.php\/wp-json\/wp\/v2\/media?parent=4096"}],"wp:term":[{"taxonomy":"category","embeddable":true,"href":"https:\/\/www.sacrecoeurvercel.com\/index.php\/wp-json\/wp\/v2\/categories?post=4096"},{"taxonomy":"post_tag","embeddable":true,"href":"https:\/\/www.sacrecoeurvercel.com\/index.php\/wp-json\/wp\/v2\/tags?post=4096"}],"curies":[{"name":"wp","href":"https:\/\/api.w.org\/{rel}","templated":true}]}}