{"id":4192,"date":"2025-02-20T22:39:55","date_gmt":"2025-02-20T22:39:55","guid":{"rendered":"https:\/\/www.sacrecoeurvercel.com\/?p=4192"},"modified":"2025-02-21T22:44:16","modified_gmt":"2025-02-21T22:44:16","slug":"soiree-orientation-pour-les-eleves-de-4eme-option-decouverte-professionnelle-et-de-3eme","status":"publish","type":"post","link":"https:\/\/www.sacrecoeurvercel.com\/index.php\/2025\/02\/20\/soiree-orientation-pour-les-eleves-de-4eme-option-decouverte-professionnelle-et-de-3eme\/","title":{"rendered":"Soir\u00e9e orientation pour les \u00e9l\u00e8ves de 4\u00e8me option d\u00e9couverte professionnelle et de 3\u00e8me."},"content":{"rendered":"\n<p>Les \u00e9l\u00e8ves et leurs parents ont pu \u00e9couter diff\u00e9rents chefs d&rsquo;\u00e9tablissements de lyc\u00e9es et les questionner sur leur future orientation.<\/p>\n\n\n\n<figure class=\"is-layout-flex wp-block-gallery-1 wp-block-gallery has-nested-images columns-default is-cropped\">\n<figure class=\"wp-block-image size-large\"><img decoding=\"async\" loading=\"lazy\" width=\"1024\" height=\"768\" data-id=\"4193\"  src=\"https:\/\/www.sacrecoeurvercel.com\/wp-content\/uploads\/2025\/02\/IMG-20250220-WA0006-1024x768.jpg\" alt=\"\" class=\"wp-image-4193\" srcset=\"https:\/\/www.sacrecoeurvercel.com\/wp-content\/uploads\/2025\/02\/IMG-20250220-WA0006-1024x768.jpg 1024w, https:\/\/www.sacrecoeurvercel.com\/wp-content\/uploads\/2025\/02\/IMG-20250220-WA0006-300x225.jpg 300w, https:\/\/www.sacrecoeurvercel.com\/wp-content\/uploads\/2025\/02\/IMG-20250220-WA0006-768x576.jpg 768w, https:\/\/www.sacrecoeurvercel.com\/wp-content\/uploads\/2025\/02\/IMG-20250220-WA0006-1536x1152.jpg 1536w, https:\/\/www.sacrecoeurvercel.com\/wp-content\/uploads\/2025\/02\/IMG-20250220-WA0006.jpg 2000w\" sizes=\"(max-width: 1024px) 100vw, 1024px\" \/><\/figure>\n\n\n\n<figure class=\"wp-block-image size-large\"><img decoding=\"async\" loading=\"lazy\" width=\"1024\" height=\"768\" data-id=\"4194\"  src=\"https:\/\/www.sacrecoeurvercel.com\/wp-content\/uploads\/2025\/02\/IMG-20250220-WA0007-1024x768.jpg\" alt=\"\" class=\"wp-image-4194\" srcset=\"https:\/\/www.sacrecoeurvercel.com\/wp-content\/uploads\/2025\/02\/IMG-20250220-WA0007-1024x768.jpg 1024w, https:\/\/www.sacrecoeurvercel.com\/wp-content\/uploads\/2025\/02\/IMG-20250220-WA0007-300x225.jpg 300w, https:\/\/www.sacrecoeurvercel.com\/wp-content\/uploads\/2025\/02\/IMG-20250220-WA0007-768x576.jpg 768w, https:\/\/www.sacrecoeurvercel.com\/wp-content\/uploads\/2025\/02\/IMG-20250220-WA0007-1536x1152.jpg 1536w, https:\/\/www.sacrecoeurvercel.com\/wp-content\/uploads\/2025\/02\/IMG-20250220-WA0007.jpg 2000w\" sizes=\"(max-width: 1024px) 100vw, 1024px\" \/><\/figure>\n\n\n\n<figure class=\"wp-block-image size-large\"><img decoding=\"async\" loading=\"lazy\" width=\"1024\" height=\"768\" data-id=\"4195\"  src=\"https:\/\/www.sacrecoeurvercel.com\/wp-content\/uploads\/2025\/02\/IMG-20250220-WA0008-1024x768.jpg\" alt=\"\" class=\"wp-image-4195\" srcset=\"https:\/\/www.sacrecoeurvercel.com\/wp-content\/uploads\/2025\/02\/IMG-20250220-WA0008-1024x768.jpg 1024w, https:\/\/www.sacrecoeurvercel.com\/wp-content\/uploads\/2025\/02\/IMG-20250220-WA0008-300x225.jpg 300w, https:\/\/www.sacrecoeurvercel.com\/wp-content\/uploads\/2025\/02\/IMG-20250220-WA0008-768x576.jpg 768w, https:\/\/www.sacrecoeurvercel.com\/wp-content\/uploads\/2025\/02\/IMG-20250220-WA0008-1536x1152.jpg 1536w, https:\/\/www.sacrecoeurvercel.com\/wp-content\/uploads\/2025\/02\/IMG-20250220-WA0008.jpg 2048w\" sizes=\"(max-width: 1024px) 100vw, 1024px\" \/><\/figure>\n<\/figure>\n","protected":false},"excerpt":{"rendered":"<p>Les \u00e9l\u00e8ves et leurs parents ont pu \u00e9couter diff\u00e9rents chefs d&rsquo;\u00e9tablissements de lyc\u00e9es et les questionner sur leur future orientation.<\/p>\n","protected":false},"author":5,"featured_media":4194,"comment_status":"closed","ping_status":"closed","sticky":false,"template":"","format":"standard","meta":[],"categories":[7,24],"tags":[],"_links":{"self":[{"href":"https:\/\/www.sacrecoeurvercel.com\/index.php\/wp-json\/wp\/v2\/posts\/4192"}],"collection":[{"href":"https:\/\/www.sacrecoeurvercel.com\/index.php\/wp-json\/wp\/v2\/posts"}],"about":[{"href":"https:\/\/www.sacrecoeurvercel.com\/index.php\/wp-json\/wp\/v2\/types\/post"}],"author":[{"embeddable":true,"href":"https:\/\/www.sacrecoeurvercel.com\/index.php\/wp-json\/wp\/v2\/users\/5"}],"replies":[{"embeddable":true,"href":"https:\/\/www.sacrecoeurvercel.com\/index.php\/wp-json\/wp\/v2\/comments?post=4192"}],"version-history":[{"count":1,"href":"https:\/\/www.sacrecoeurvercel.com\/index.php\/wp-json\/wp\/v2\/posts\/4192\/revisions"}],"predecessor-version":[{"id":4196,"href":"https:\/\/www.sacrecoeurvercel.com\/index.php\/wp-json\/wp\/v2\/posts\/4192\/revisions\/4196"}],"wp:featuredmedia":[{"embeddable":true,"href":"https:\/\/www.sacrecoeurvercel.com\/index.php\/wp-json\/wp\/v2\/media\/4194"}],"wp:attachment":[{"href":"https:\/\/www.sacrecoeurvercel.com\/index.php\/wp-json\/wp\/v2\/media?parent=4192"}],"wp:term":[{"taxonomy":"category","embeddable":true,"href":"https:\/\/www.sacrecoeurvercel.com\/index.php\/wp-json\/wp\/v2\/categories?post=4192"},{"taxonomy":"post_tag","embeddable":true,"href":"https:\/\/www.sacrecoeurvercel.com\/index.php\/wp-json\/wp\/v2\/tags?post=4192"}],"curies":[{"name":"wp","href":"https:\/\/api.w.org\/{rel}","templated":true}]}}