{"id":4203,"date":"2025-03-15T11:51:14","date_gmt":"2025-03-15T11:51:14","guid":{"rendered":"https:\/\/www.sacrecoeurvercel.com\/?p=4203"},"modified":"2025-03-15T11:51:14","modified_gmt":"2025-03-15T11:51:14","slug":"semaine-des-langues-au-sacre-coeur-du-17-au-21-mars","status":"publish","type":"post","link":"https:\/\/www.sacrecoeurvercel.com\/index.php\/2025\/03\/15\/semaine-des-langues-au-sacre-coeur-du-17-au-21-mars\/","title":{"rendered":"Semaine des langues au Sacr\u00e9 coeur. Du 17 au 21 mars."},"content":{"rendered":"\n<figure class=\"is-layout-flex wp-block-gallery-1 wp-block-gallery has-nested-images columns-default is-cropped\">\n<figure class=\"wp-block-image size-large\"><img decoding=\"async\" loading=\"lazy\" width=\"871\" height=\"1024\" data-id=\"4204\"  src=\"https:\/\/www.sacrecoeurvercel.com\/wp-content\/uploads\/2025\/03\/1000023698-871x1024.jpg\" alt=\"\" class=\"wp-image-4204\" srcset=\"https:\/\/www.sacrecoeurvercel.com\/wp-content\/uploads\/2025\/03\/1000023698-871x1024.jpg 871w, https:\/\/www.sacrecoeurvercel.com\/wp-content\/uploads\/2025\/03\/1000023698-255x300.jpg 255w, https:\/\/www.sacrecoeurvercel.com\/wp-content\/uploads\/2025\/03\/1000023698-768x903.jpg 768w, https:\/\/www.sacrecoeurvercel.com\/wp-content\/uploads\/2025\/03\/1000023698.jpg 1004w\" sizes=\"(max-width: 871px) 100vw, 871px\" \/><\/figure>\n<\/figure>\n\n\n\n<p>\u00c0 l&rsquo;\u00e9cole primaire, chants et vocabulaire son au programme 1 langue diff\u00e9rente chaque jour.<\/p>\n\n\n\n<p>Au coll\u00e8ge, les 6\u00e8me partent \u00e0 la d\u00e9couverte de l&rsquo;Allemagne avec des ateliers.<\/p>\n\n\n\n<p>\u00c0 la cantine, chaque jour correspond \u00e0 1 pays: lundi, Espagne. Mardi Allemagne, jeudi Italie et vendredi Angleterre.<\/p>\n","protected":false},"excerpt":{"rendered":"<p>\u00c0 l&rsquo;\u00e9cole primaire, chants et vocabulaire son au programme 1 langue diff\u00e9rente chaque jour. Au coll\u00e8ge, les 6\u00e8me partent \u00e0 la d\u00e9couverte de l&rsquo;Allemagne avec des ateliers. \u00c0 la cantine, chaque jour correspond \u00e0 1&#8230;<\/p>\n","protected":false},"author":5,"featured_media":4204,"comment_status":"closed","ping_status":"closed","sticky":false,"template":"","format":"standard","meta":[],"categories":[7,4,6,8,9,10,34],"tags":[],"_links":{"self":[{"href":"https:\/\/www.sacrecoeurvercel.com\/index.php\/wp-json\/wp\/v2\/posts\/4203"}],"collection":[{"href":"https:\/\/www.sacrecoeurvercel.com\/index.php\/wp-json\/wp\/v2\/posts"}],"about":[{"href":"https:\/\/www.sacrecoeurvercel.com\/index.php\/wp-json\/wp\/v2\/types\/post"}],"author":[{"embeddable":true,"href":"https:\/\/www.sacrecoeurvercel.com\/index.php\/wp-json\/wp\/v2\/users\/5"}],"replies":[{"embeddable":true,"href":"https:\/\/www.sacrecoeurvercel.com\/index.php\/wp-json\/wp\/v2\/comments?post=4203"}],"version-history":[{"count":1,"href":"https:\/\/www.sacrecoeurvercel.com\/index.php\/wp-json\/wp\/v2\/posts\/4203\/revisions"}],"predecessor-version":[{"id":4205,"href":"https:\/\/www.sacrecoeurvercel.com\/index.php\/wp-json\/wp\/v2\/posts\/4203\/revisions\/4205"}],"wp:featuredmedia":[{"embeddable":true,"href":"https:\/\/www.sacrecoeurvercel.com\/index.php\/wp-json\/wp\/v2\/media\/4204"}],"wp:attachment":[{"href":"https:\/\/www.sacrecoeurvercel.com\/index.php\/wp-json\/wp\/v2\/media?parent=4203"}],"wp:term":[{"taxonomy":"category","embeddable":true,"href":"https:\/\/www.sacrecoeurvercel.com\/index.php\/wp-json\/wp\/v2\/categories?post=4203"},{"taxonomy":"post_tag","embeddable":true,"href":"https:\/\/www.sacrecoeurvercel.com\/index.php\/wp-json\/wp\/v2\/tags?post=4203"}],"curies":[{"name":"wp","href":"https:\/\/api.w.org\/{rel}","templated":true}]}}