{"id":4514,"date":"2025-06-13T11:59:40","date_gmt":"2025-06-13T11:59:40","guid":{"rendered":"https:\/\/www.sacrecoeurvercel.com\/?p=4514"},"modified":"2025-06-14T12:16:05","modified_gmt":"2025-06-14T12:16:05","slug":"passage-de-tutelle","status":"publish","type":"post","link":"https:\/\/www.sacrecoeurvercel.com\/index.php\/2025\/06\/13\/passage-de-tutelle\/","title":{"rendered":"Passage de tutelle"},"content":{"rendered":"\n<p>ce vendredi 13 juin 2025, les soeurs de la Sainte famille de Besan\u00e7on, ont pass\u00e9 la tutelle de notre \u00e9tablissement ainsi que ceux d&rsquo;Amancey et d&rsquo;Ornans au dioc\u00e8se de Besan\u00e7on. Mais l&rsquo;\u00e9tat d&rsquo;esprit de notre \u00e9tablissement reste guid\u00e9 par les paroles, actes&#8230; de la fondatrice de la congr\u00e9gation: Soeur Jeanne-Claude Jacoulet.<\/p>\n\n\n\n<p>Accueillir, Respecter, Accompagner, et Servir, en chacun, la croissance humaine d\u2019un enfant de Dieu appel\u00e9 \u00e0 r\u00e9v\u00e9ler par sa vie, de fa\u00e7on unique et irrempla\u00e7able, un rayon de l\u2019Amour divin.<\/p>\n\n\n\n<figure class=\"is-layout-flex wp-block-gallery-1 wp-block-gallery has-nested-images columns-default is-cropped\">\n<figure class=\"wp-block-image size-large\"><img decoding=\"async\" loading=\"lazy\" width=\"1024\" height=\"768\" data-id=\"4515\"  src=\"https:\/\/www.sacrecoeurvercel.com\/wp-content\/uploads\/2025\/06\/1000030732-1024x768.jpg\" alt=\"\" class=\"wp-image-4515\" srcset=\"https:\/\/www.sacrecoeurvercel.com\/wp-content\/uploads\/2025\/06\/1000030732-1024x768.jpg 1024w, https:\/\/www.sacrecoeurvercel.com\/wp-content\/uploads\/2025\/06\/1000030732-300x225.jpg 300w, https:\/\/www.sacrecoeurvercel.com\/wp-content\/uploads\/2025\/06\/1000030732-768x576.jpg 768w, https:\/\/www.sacrecoeurvercel.com\/wp-content\/uploads\/2025\/06\/1000030732-1536x1152.jpg 1536w, https:\/\/www.sacrecoeurvercel.com\/wp-content\/uploads\/2025\/06\/1000030732.jpg 1600w\" sizes=\"(max-width: 1024px) 100vw, 1024px\" \/><\/figure>\n\n\n\n<figure class=\"wp-block-image size-large\"><img decoding=\"async\" loading=\"lazy\" width=\"768\" height=\"1024\" data-id=\"4517\"  src=\"https:\/\/www.sacrecoeurvercel.com\/wp-content\/uploads\/2025\/06\/1000030738-768x1024.jpg\" alt=\"\" class=\"wp-image-4517\" srcset=\"https:\/\/www.sacrecoeurvercel.com\/wp-content\/uploads\/2025\/06\/1000030738-768x1024.jpg 768w, https:\/\/www.sacrecoeurvercel.com\/wp-content\/uploads\/2025\/06\/1000030738-225x300.jpg 225w, https:\/\/www.sacrecoeurvercel.com\/wp-content\/uploads\/2025\/06\/1000030738-300x400.jpg 300w, https:\/\/www.sacrecoeurvercel.com\/wp-content\/uploads\/2025\/06\/1000030738-1152x1536.jpg 1152w, https:\/\/www.sacrecoeurvercel.com\/wp-content\/uploads\/2025\/06\/1000030738.jpg 1200w\" sizes=\"(max-width: 768px) 100vw, 768px\" \/><\/figure>\n\n\n\n<figure class=\"wp-block-image size-large\"><img decoding=\"async\" loading=\"lazy\" width=\"768\" height=\"1024\" data-id=\"4516\"  src=\"https:\/\/www.sacrecoeurvercel.com\/wp-content\/uploads\/2025\/06\/1000030744-768x1024.jpg\" alt=\"\" class=\"wp-image-4516\" srcset=\"https:\/\/www.sacrecoeurvercel.com\/wp-content\/uploads\/2025\/06\/1000030744-768x1024.jpg 768w, https:\/\/www.sacrecoeurvercel.com\/wp-content\/uploads\/2025\/06\/1000030744-225x300.jpg 225w, https:\/\/www.sacrecoeurvercel.com\/wp-content\/uploads\/2025\/06\/1000030744-300x400.jpg 300w, https:\/\/www.sacrecoeurvercel.com\/wp-content\/uploads\/2025\/06\/1000030744-1152x1536.jpg 1152w, https:\/\/www.sacrecoeurvercel.com\/wp-content\/uploads\/2025\/06\/1000030744.jpg 1200w\" sizes=\"(max-width: 768px) 100vw, 768px\" \/><\/figure>\n\n\n\n<figure class=\"wp-block-image size-large\"><img decoding=\"async\" loading=\"lazy\" width=\"768\" height=\"1024\" data-id=\"4518\"  src=\"https:\/\/www.sacrecoeurvercel.com\/wp-content\/uploads\/2025\/06\/1000030747-768x1024.jpg\" alt=\"\" class=\"wp-image-4518\" srcset=\"https:\/\/www.sacrecoeurvercel.com\/wp-content\/uploads\/2025\/06\/1000030747-768x1024.jpg 768w, https:\/\/www.sacrecoeurvercel.com\/wp-content\/uploads\/2025\/06\/1000030747-225x300.jpg 225w, https:\/\/www.sacrecoeurvercel.com\/wp-content\/uploads\/2025\/06\/1000030747-300x400.jpg 300w, https:\/\/www.sacrecoeurvercel.com\/wp-content\/uploads\/2025\/06\/1000030747-1152x1536.jpg 1152w, https:\/\/www.sacrecoeurvercel.com\/wp-content\/uploads\/2025\/06\/1000030747.jpg 1200w\" sizes=\"(max-width: 768px) 100vw, 768px\" \/><\/figure>\n\n\n\n<figure class=\"wp-block-image size-large\"><img decoding=\"async\" loading=\"lazy\" width=\"768\" height=\"1024\" data-id=\"4519\"  src=\"https:\/\/www.sacrecoeurvercel.com\/wp-content\/uploads\/2025\/06\/1000030750-768x1024.jpg\" alt=\"\" class=\"wp-image-4519\" srcset=\"https:\/\/www.sacrecoeurvercel.com\/wp-content\/uploads\/2025\/06\/1000030750-768x1024.jpg 768w, https:\/\/www.sacrecoeurvercel.com\/wp-content\/uploads\/2025\/06\/1000030750-225x300.jpg 225w, https:\/\/www.sacrecoeurvercel.com\/wp-content\/uploads\/2025\/06\/1000030750-300x400.jpg 300w, https:\/\/www.sacrecoeurvercel.com\/wp-content\/uploads\/2025\/06\/1000030750-1152x1536.jpg 1152w, https:\/\/www.sacrecoeurvercel.com\/wp-content\/uploads\/2025\/06\/1000030750.jpg 1200w\" sizes=\"(max-width: 768px) 100vw, 768px\" \/><\/figure>\n\n\n\n<figure class=\"wp-block-image size-large\"><img decoding=\"async\" data-id=\"4520\"  src=\"https:\/\/www.sacrecoeurvercel.com\/wp-content\/uploads\/2025\/06\/1000030756-768x1024.jpg\" alt=\"\" class=\"wp-image-4520\"\/><\/figure>\n<\/figure>\n","protected":false},"excerpt":{"rendered":"<p>ce vendredi 13 juin 2025, les soeurs de la Sainte famille de Besan\u00e7on, ont pass\u00e9 la tutelle de notre \u00e9tablissement ainsi que ceux d&rsquo;Amancey et d&rsquo;Ornans au dioc\u00e8se de Besan\u00e7on. Mais l&rsquo;\u00e9tat d&rsquo;esprit de notre&#8230;<\/p>\n","protected":false},"author":5,"featured_media":4520,"comment_status":"closed","ping_status":"closed","sticky":false,"template":"","format":"standard","meta":[],"categories":[4,5,22],"tags":[],"_links":{"self":[{"href":"https:\/\/www.sacrecoeurvercel.com\/index.php\/wp-json\/wp\/v2\/posts\/4514"}],"collection":[{"href":"https:\/\/www.sacrecoeurvercel.com\/index.php\/wp-json\/wp\/v2\/posts"}],"about":[{"href":"https:\/\/www.sacrecoeurvercel.com\/index.php\/wp-json\/wp\/v2\/types\/post"}],"author":[{"embeddable":true,"href":"https:\/\/www.sacrecoeurvercel.com\/index.php\/wp-json\/wp\/v2\/users\/5"}],"replies":[{"embeddable":true,"href":"https:\/\/www.sacrecoeurvercel.com\/index.php\/wp-json\/wp\/v2\/comments?post=4514"}],"version-history":[{"count":2,"href":"https:\/\/www.sacrecoeurvercel.com\/index.php\/wp-json\/wp\/v2\/posts\/4514\/revisions"}],"predecessor-version":[{"id":4558,"href":"https:\/\/www.sacrecoeurvercel.com\/index.php\/wp-json\/wp\/v2\/posts\/4514\/revisions\/4558"}],"wp:featuredmedia":[{"embeddable":true,"href":"https:\/\/www.sacrecoeurvercel.com\/index.php\/wp-json\/wp\/v2\/media\/4520"}],"wp:attachment":[{"href":"https:\/\/www.sacrecoeurvercel.com\/index.php\/wp-json\/wp\/v2\/media?parent=4514"}],"wp:term":[{"taxonomy":"category","embeddable":true,"href":"https:\/\/www.sacrecoeurvercel.com\/index.php\/wp-json\/wp\/v2\/categories?post=4514"},{"taxonomy":"post_tag","embeddable":true,"href":"https:\/\/www.sacrecoeurvercel.com\/index.php\/wp-json\/wp\/v2\/tags?post=4514"}],"curies":[{"name":"wp","href":"https:\/\/api.w.org\/{rel}","templated":true}]}}