{"id":4581,"date":"2025-06-23T16:17:02","date_gmt":"2025-06-23T16:17:02","guid":{"rendered":"https:\/\/www.sacrecoeurvercel.com\/?p=4581"},"modified":"2025-06-26T16:27:05","modified_gmt":"2025-06-26T16:27:05","slug":"spectacle-pop-the-opera-pour-les-eleves-de-la-chorale","status":"publish","type":"post","link":"https:\/\/www.sacrecoeurvercel.com\/index.php\/2025\/06\/23\/spectacle-pop-the-opera-pour-les-eleves-de-la-chorale\/","title":{"rendered":"Spectacle Pop the opera pour les \u00e9l\u00e8ves de la chorale."},"content":{"rendered":"\n<p>Lundi soir au Kursaal de Besan\u00e7on, les \u00e9l\u00e8ves de la chorale ont particip\u00e9 au spectacle Pop the opera dirig\u00e9 par Victor Jacob. Un grand Bravo \u00e0 eux pour leur engagement et le bon moment qu&rsquo;ils nous ont fait passer.<\/p>\n\n\n\n<figure class=\"is-layout-flex wp-block-gallery-1 wp-block-gallery has-nested-images columns-default is-cropped\">\n<figure class=\"wp-block-image size-large\"><img decoding=\"async\" loading=\"lazy\" width=\"1600\" height=\"1200\" data-id=\"4585\"  src=\"https:\/\/www.sacrecoeurvercel.com\/wp-content\/uploads\/2025\/06\/1000031246-1600x1200.jpg\" alt=\"\" class=\"wp-image-4585\" srcset=\"https:\/\/www.sacrecoeurvercel.com\/wp-content\/uploads\/2025\/06\/1000031246.jpg 1600w, https:\/\/www.sacrecoeurvercel.com\/wp-content\/uploads\/2025\/06\/1000031246-300x225.jpg 300w, https:\/\/www.sacrecoeurvercel.com\/wp-content\/uploads\/2025\/06\/1000031246-768x576.jpg 768w, https:\/\/www.sacrecoeurvercel.com\/wp-content\/uploads\/2025\/06\/1000031246-1536x1152.jpg 1536w\" sizes=\"(max-width: 1600px) 100vw, 1600px\" \/><\/figure>\n\n\n\n<figure class=\"wp-block-image size-large\"><img decoding=\"async\" loading=\"lazy\" width=\"1600\" height=\"1200\" data-id=\"4586\"  src=\"https:\/\/www.sacrecoeurvercel.com\/wp-content\/uploads\/2025\/06\/1000031247-1600x1200.jpg\" alt=\"\" class=\"wp-image-4586\" srcset=\"https:\/\/www.sacrecoeurvercel.com\/wp-content\/uploads\/2025\/06\/1000031247.jpg 1600w, https:\/\/www.sacrecoeurvercel.com\/wp-content\/uploads\/2025\/06\/1000031247-300x225.jpg 300w, https:\/\/www.sacrecoeurvercel.com\/wp-content\/uploads\/2025\/06\/1000031247-768x576.jpg 768w, https:\/\/www.sacrecoeurvercel.com\/wp-content\/uploads\/2025\/06\/1000031247-1536x1152.jpg 1536w\" sizes=\"(max-width: 1600px) 100vw, 1600px\" \/><\/figure>\n\n\n\n<figure class=\"wp-block-image size-large\"><img decoding=\"async\" loading=\"lazy\" width=\"1600\" height=\"1200\" data-id=\"4582\"  src=\"https:\/\/www.sacrecoeurvercel.com\/wp-content\/uploads\/2025\/06\/1000031248-1600x1200.jpg\" alt=\"\" class=\"wp-image-4582\" srcset=\"https:\/\/www.sacrecoeurvercel.com\/wp-content\/uploads\/2025\/06\/1000031248.jpg 1600w, https:\/\/www.sacrecoeurvercel.com\/wp-content\/uploads\/2025\/06\/1000031248-300x225.jpg 300w, https:\/\/www.sacrecoeurvercel.com\/wp-content\/uploads\/2025\/06\/1000031248-768x576.jpg 768w, https:\/\/www.sacrecoeurvercel.com\/wp-content\/uploads\/2025\/06\/1000031248-1536x1152.jpg 1536w\" sizes=\"(max-width: 1600px) 100vw, 1600px\" \/><\/figure>\n\n\n\n<figure class=\"wp-block-image size-large\"><img decoding=\"async\" loading=\"lazy\" width=\"1600\" height=\"1200\" data-id=\"4583\"  src=\"https:\/\/www.sacrecoeurvercel.com\/wp-content\/uploads\/2025\/06\/1000031249-1600x1200.jpg\" alt=\"\" class=\"wp-image-4583\" srcset=\"https:\/\/www.sacrecoeurvercel.com\/wp-content\/uploads\/2025\/06\/1000031249.jpg 1600w, https:\/\/www.sacrecoeurvercel.com\/wp-content\/uploads\/2025\/06\/1000031249-300x225.jpg 300w, https:\/\/www.sacrecoeurvercel.com\/wp-content\/uploads\/2025\/06\/1000031249-768x576.jpg 768w, https:\/\/www.sacrecoeurvercel.com\/wp-content\/uploads\/2025\/06\/1000031249-1536x1152.jpg 1536w\" sizes=\"(max-width: 1600px) 100vw, 1600px\" \/><\/figure>\n\n\n\n<figure class=\"wp-block-image size-large\"><img decoding=\"async\" loading=\"lazy\" width=\"1600\" height=\"1200\" data-id=\"4584\"  src=\"https:\/\/www.sacrecoeurvercel.com\/wp-content\/uploads\/2025\/06\/1000031250-1600x1200.jpg\" alt=\"\" class=\"wp-image-4584\" srcset=\"https:\/\/www.sacrecoeurvercel.com\/wp-content\/uploads\/2025\/06\/1000031250.jpg 1600w, https:\/\/www.sacrecoeurvercel.com\/wp-content\/uploads\/2025\/06\/1000031250-300x225.jpg 300w, https:\/\/www.sacrecoeurvercel.com\/wp-content\/uploads\/2025\/06\/1000031250-768x576.jpg 768w, https:\/\/www.sacrecoeurvercel.com\/wp-content\/uploads\/2025\/06\/1000031250-1536x1152.jpg 1536w\" sizes=\"(max-width: 1600px) 100vw, 1600px\" \/><\/figure>\n\n\n\n<figure class=\"wp-block-image size-large\"><img decoding=\"async\" loading=\"lazy\" width=\"1600\" height=\"1200\" data-id=\"4588\"  src=\"https:\/\/www.sacrecoeurvercel.com\/wp-content\/uploads\/2025\/06\/1000031252-1600x1200.jpg\" alt=\"\" class=\"wp-image-4588\" srcset=\"https:\/\/www.sacrecoeurvercel.com\/wp-content\/uploads\/2025\/06\/1000031252.jpg 1600w, https:\/\/www.sacrecoeurvercel.com\/wp-content\/uploads\/2025\/06\/1000031252-300x225.jpg 300w, https:\/\/www.sacrecoeurvercel.com\/wp-content\/uploads\/2025\/06\/1000031252-768x576.jpg 768w, https:\/\/www.sacrecoeurvercel.com\/wp-content\/uploads\/2025\/06\/1000031252-1536x1152.jpg 1536w\" sizes=\"(max-width: 1600px) 100vw, 1600px\" \/><\/figure>\n\n\n\n<figure class=\"wp-block-image size-large\"><img decoding=\"async\" loading=\"lazy\" width=\"1600\" height=\"1200\" data-id=\"4587\"  src=\"https:\/\/www.sacrecoeurvercel.com\/wp-content\/uploads\/2025\/06\/1000031262-1600x1200.jpg\" alt=\"\" class=\"wp-image-4587\" srcset=\"https:\/\/www.sacrecoeurvercel.com\/wp-content\/uploads\/2025\/06\/1000031262.jpg 1600w, https:\/\/www.sacrecoeurvercel.com\/wp-content\/uploads\/2025\/06\/1000031262-300x225.jpg 300w, https:\/\/www.sacrecoeurvercel.com\/wp-content\/uploads\/2025\/06\/1000031262-768x576.jpg 768w, https:\/\/www.sacrecoeurvercel.com\/wp-content\/uploads\/2025\/06\/1000031262-1536x1152.jpg 1536w\" sizes=\"(max-width: 1600px) 100vw, 1600px\" \/><\/figure>\n<\/figure>\n","protected":false},"excerpt":{"rendered":"<p>Lundi soir au Kursaal de Besan\u00e7on, les \u00e9l\u00e8ves de la chorale ont particip\u00e9 au spectacle Pop the opera dirig\u00e9 par Victor Jacob. Un grand Bravo \u00e0 eux pour leur engagement et le bon moment qu&rsquo;ils&#8230;<\/p>\n","protected":false},"author":5,"featured_media":4585,"comment_status":"closed","ping_status":"closed","sticky":false,"template":"","format":"standard","meta":[],"categories":[7,31,12],"tags":[],"_links":{"self":[{"href":"https:\/\/www.sacrecoeurvercel.com\/index.php\/wp-json\/wp\/v2\/posts\/4581"}],"collection":[{"href":"https:\/\/www.sacrecoeurvercel.com\/index.php\/wp-json\/wp\/v2\/posts"}],"about":[{"href":"https:\/\/www.sacrecoeurvercel.com\/index.php\/wp-json\/wp\/v2\/types\/post"}],"author":[{"embeddable":true,"href":"https:\/\/www.sacrecoeurvercel.com\/index.php\/wp-json\/wp\/v2\/users\/5"}],"replies":[{"embeddable":true,"href":"https:\/\/www.sacrecoeurvercel.com\/index.php\/wp-json\/wp\/v2\/comments?post=4581"}],"version-history":[{"count":1,"href":"https:\/\/www.sacrecoeurvercel.com\/index.php\/wp-json\/wp\/v2\/posts\/4581\/revisions"}],"predecessor-version":[{"id":4589,"href":"https:\/\/www.sacrecoeurvercel.com\/index.php\/wp-json\/wp\/v2\/posts\/4581\/revisions\/4589"}],"wp:featuredmedia":[{"embeddable":true,"href":"https:\/\/www.sacrecoeurvercel.com\/index.php\/wp-json\/wp\/v2\/media\/4585"}],"wp:attachment":[{"href":"https:\/\/www.sacrecoeurvercel.com\/index.php\/wp-json\/wp\/v2\/media?parent=4581"}],"wp:term":[{"taxonomy":"category","embeddable":true,"href":"https:\/\/www.sacrecoeurvercel.com\/index.php\/wp-json\/wp\/v2\/categories?post=4581"},{"taxonomy":"post_tag","embeddable":true,"href":"https:\/\/www.sacrecoeurvercel.com\/index.php\/wp-json\/wp\/v2\/tags?post=4581"}],"curies":[{"name":"wp","href":"https:\/\/api.w.org\/{rel}","templated":true}]}}