{"id":4825,"date":"2025-10-15T08:39:39","date_gmt":"2025-10-15T08:39:39","guid":{"rendered":"https:\/\/www.sacrecoeurvercel.com\/?p=4825"},"modified":"2025-10-17T08:51:42","modified_gmt":"2025-10-17T08:51:42","slug":"la-chorale-se-prepare-pour-une-belle-serie-de-concerts","status":"publish","type":"post","link":"https:\/\/www.sacrecoeurvercel.com\/index.php\/2025\/10\/15\/la-chorale-se-prepare-pour-une-belle-serie-de-concerts\/","title":{"rendered":"La chorale se pr\u00e9pare pour une belle s\u00e9rie de concerts"},"content":{"rendered":"\n<p><\/p>\n\n\n\n<div class=\"is-layout-flex wp-container-3 wp-block-columns\">\n<div class=\"is-layout-flow wp-block-column\" style=\"flex-basis:33.33%\">\n<figure class=\"wp-block-image\"><img alt=\"\"\/><\/figure>\n<\/div>\n\n\n\n<div class=\"is-layout-flow wp-block-column\" style=\"flex-basis:66.66%\">\n<p>Depuis avril 2025, les \u00e9l\u00e8ves de la chorale se pr\u00e9parent pour 3 concerts fin 2025, qui se d\u00e9rouleront entre le 15 novembre et le 21 d\u00e9cembre. Ces concerts seront l&rsquo;occasion de partager la sc\u00e8ne avec des musiciens le contrepoint et diff\u00e9rentes chorales: Ariolica, Vocalia, le contrepoint, la chorale du plateau. Pour le Magnificat du compositeur John Rutter.<\/p>\n<\/div>\n<\/div>\n\n\n\n<figure class=\"is-layout-flex wp-block-gallery-4 wp-block-gallery has-nested-images columns-default is-cropped\">\n<figure class=\"wp-block-image\"><img alt=\"\"\/><\/figure>\n\n\n\n<figure class=\"wp-block-image\"><img alt=\"\"\/><\/figure>\n\n\n\n<figure class=\"wp-block-image size-large\"><img decoding=\"async\" loading=\"lazy\" width=\"849\" height=\"1200\" data-id=\"4835\"  src=\"https:\/\/www.sacrecoeurvercel.com\/wp-content\/uploads\/2025\/10\/1000038197-849x1200.jpg\" alt=\"\" class=\"wp-image-4835\" srcset=\"https:\/\/www.sacrecoeurvercel.com\/wp-content\/uploads\/2025\/10\/1000038197-849x1200.jpg 849w, https:\/\/www.sacrecoeurvercel.com\/wp-content\/uploads\/2025\/10\/1000038197-212x300.jpg 212w, https:\/\/www.sacrecoeurvercel.com\/wp-content\/uploads\/2025\/10\/1000038197-768x1085.jpg 768w, https:\/\/www.sacrecoeurvercel.com\/wp-content\/uploads\/2025\/10\/1000038197.jpg 991w\" sizes=\"(max-width: 849px) 100vw, 849px\" \/><\/figure>\n\n\n\n<figure class=\"wp-block-image size-large\"><img decoding=\"async\" loading=\"lazy\" width=\"1486\" height=\"1200\" data-id=\"4829\"  src=\"https:\/\/www.sacrecoeurvercel.com\/wp-content\/uploads\/2025\/10\/20251004_152630-1486x1200.jpg\" alt=\"\" class=\"wp-image-4829\" srcset=\"https:\/\/www.sacrecoeurvercel.com\/wp-content\/uploads\/2025\/10\/20251004_152630-1486x1200.jpg 1486w, https:\/\/www.sacrecoeurvercel.com\/wp-content\/uploads\/2025\/10\/20251004_152630-300x242.jpg 300w, https:\/\/www.sacrecoeurvercel.com\/wp-content\/uploads\/2025\/10\/20251004_152630-768x620.jpg 768w, https:\/\/www.sacrecoeurvercel.com\/wp-content\/uploads\/2025\/10\/20251004_152630-1536x1240.jpg 1536w, https:\/\/www.sacrecoeurvercel.com\/wp-content\/uploads\/2025\/10\/20251004_152630.jpg 1599w\" sizes=\"(max-width: 1486px) 100vw, 1486px\" \/><\/figure>\n\n\n\n<figure class=\"wp-block-image size-large\"><img decoding=\"async\" loading=\"lazy\" width=\"1600\" height=\"1200\" data-id=\"4832\"  src=\"https:\/\/www.sacrecoeurvercel.com\/wp-content\/uploads\/2025\/10\/20251004_162100-1600x1200.jpg\" alt=\"\" class=\"wp-image-4832\" srcset=\"https:\/\/www.sacrecoeurvercel.com\/wp-content\/uploads\/2025\/10\/20251004_162100.jpg 1600w, https:\/\/www.sacrecoeurvercel.com\/wp-content\/uploads\/2025\/10\/20251004_162100-300x225.jpg 300w, https:\/\/www.sacrecoeurvercel.com\/wp-content\/uploads\/2025\/10\/20251004_162100-768x576.jpg 768w, https:\/\/www.sacrecoeurvercel.com\/wp-content\/uploads\/2025\/10\/20251004_162100-1536x1152.jpg 1536w\" sizes=\"(max-width: 1600px) 100vw, 1600px\" \/><\/figure>\n\n\n\n<figure class=\"wp-block-image size-large\"><img decoding=\"async\" loading=\"lazy\" width=\"1600\" height=\"1200\" data-id=\"4834\"  src=\"https:\/\/www.sacrecoeurvercel.com\/wp-content\/uploads\/2025\/10\/20251004_162114-1600x1200.jpg\" alt=\"\" class=\"wp-image-4834\" srcset=\"https:\/\/www.sacrecoeurvercel.com\/wp-content\/uploads\/2025\/10\/20251004_162114.jpg 1600w, https:\/\/www.sacrecoeurvercel.com\/wp-content\/uploads\/2025\/10\/20251004_162114-300x225.jpg 300w, https:\/\/www.sacrecoeurvercel.com\/wp-content\/uploads\/2025\/10\/20251004_162114-768x576.jpg 768w, https:\/\/www.sacrecoeurvercel.com\/wp-content\/uploads\/2025\/10\/20251004_162114-1536x1152.jpg 1536w\" sizes=\"(max-width: 1600px) 100vw, 1600px\" \/><\/figure>\n\n\n\n<figure class=\"wp-block-image size-large\"><img decoding=\"async\" loading=\"lazy\" width=\"1465\" height=\"1002\" data-id=\"4828\"  src=\"https:\/\/www.sacrecoeurvercel.com\/wp-content\/uploads\/2025\/10\/20251004_152256.jpg\" alt=\"\" class=\"wp-image-4828\" srcset=\"https:\/\/www.sacrecoeurvercel.com\/wp-content\/uploads\/2025\/10\/20251004_152256.jpg 1465w, https:\/\/www.sacrecoeurvercel.com\/wp-content\/uploads\/2025\/10\/20251004_152256-300x205.jpg 300w, https:\/\/www.sacrecoeurvercel.com\/wp-content\/uploads\/2025\/10\/20251004_152256-768x525.jpg 768w, https:\/\/www.sacrecoeurvercel.com\/wp-content\/uploads\/2025\/10\/20251004_152256-474x324.jpg 474w\" sizes=\"(max-width: 1465px) 100vw, 1465px\" \/><\/figure>\n\n\n\n<figure class=\"wp-block-image size-large\"><img decoding=\"async\" loading=\"lazy\" width=\"1600\" height=\"1200\" data-id=\"4831\"  src=\"https:\/\/www.sacrecoeurvercel.com\/wp-content\/uploads\/2025\/10\/20251004_162053-1600x1200.jpg\" alt=\"\" class=\"wp-image-4831\" srcset=\"https:\/\/www.sacrecoeurvercel.com\/wp-content\/uploads\/2025\/10\/20251004_162053.jpg 1600w, https:\/\/www.sacrecoeurvercel.com\/wp-content\/uploads\/2025\/10\/20251004_162053-300x225.jpg 300w, https:\/\/www.sacrecoeurvercel.com\/wp-content\/uploads\/2025\/10\/20251004_162053-768x576.jpg 768w, https:\/\/www.sacrecoeurvercel.com\/wp-content\/uploads\/2025\/10\/20251004_162053-1536x1152.jpg 1536w\" sizes=\"(max-width: 1600px) 100vw, 1600px\" \/><\/figure>\n<\/figure>\n","protected":false},"excerpt":{"rendered":"<p>Depuis avril 2025, les \u00e9l\u00e8ves de la chorale se pr\u00e9parent pour 3 concerts fin 2025, qui se d\u00e9rouleront entre le 15 novembre et le 21 d\u00e9cembre. Ces concerts seront l&rsquo;occasion de partager la sc\u00e8ne avec&#8230;<\/p>\n","protected":false},"author":5,"featured_media":4833,"comment_status":"closed","ping_status":"closed","sticky":false,"template":"","format":"standard","meta":[],"categories":[4,31],"tags":[],"_links":{"self":[{"href":"https:\/\/www.sacrecoeurvercel.com\/index.php\/wp-json\/wp\/v2\/posts\/4825"}],"collection":[{"href":"https:\/\/www.sacrecoeurvercel.com\/index.php\/wp-json\/wp\/v2\/posts"}],"about":[{"href":"https:\/\/www.sacrecoeurvercel.com\/index.php\/wp-json\/wp\/v2\/types\/post"}],"author":[{"embeddable":true,"href":"https:\/\/www.sacrecoeurvercel.com\/index.php\/wp-json\/wp\/v2\/users\/5"}],"replies":[{"embeddable":true,"href":"https:\/\/www.sacrecoeurvercel.com\/index.php\/wp-json\/wp\/v2\/comments?post=4825"}],"version-history":[{"count":1,"href":"https:\/\/www.sacrecoeurvercel.com\/index.php\/wp-json\/wp\/v2\/posts\/4825\/revisions"}],"predecessor-version":[{"id":4836,"href":"https:\/\/www.sacrecoeurvercel.com\/index.php\/wp-json\/wp\/v2\/posts\/4825\/revisions\/4836"}],"wp:featuredmedia":[{"embeddable":true,"href":"https:\/\/www.sacrecoeurvercel.com\/index.php\/wp-json\/wp\/v2\/media\/4833"}],"wp:attachment":[{"href":"https:\/\/www.sacrecoeurvercel.com\/index.php\/wp-json\/wp\/v2\/media?parent=4825"}],"wp:term":[{"taxonomy":"category","embeddable":true,"href":"https:\/\/www.sacrecoeurvercel.com\/index.php\/wp-json\/wp\/v2\/categories?post=4825"},{"taxonomy":"post_tag","embeddable":true,"href":"https:\/\/www.sacrecoeurvercel.com\/index.php\/wp-json\/wp\/v2\/tags?post=4825"}],"curies":[{"name":"wp","href":"https:\/\/api.w.org\/{rel}","templated":true}]}}