{"id":4916,"date":"2025-11-13T09:55:29","date_gmt":"2025-11-13T09:55:29","guid":{"rendered":"https:\/\/www.sacrecoeurvercel.com\/?p=4916"},"modified":"2025-11-13T09:55:29","modified_gmt":"2025-11-13T09:55:29","slug":"petit-dejeuner-au-college","status":"publish","type":"post","link":"https:\/\/www.sacrecoeurvercel.com\/index.php\/2025\/11\/13\/petit-dejeuner-au-college\/","title":{"rendered":"Petit d\u00e9jeuner au coll\u00e8ge"},"content":{"rendered":"\n<div class=\"is-layout-flex wp-container-5 wp-block-columns\">\n<div class=\"is-layout-flow wp-block-column\" style=\"flex-basis:33.33%\"><\/div>\n\n\n\n<div class=\"is-layout-flow wp-block-column\" style=\"flex-basis:66.66%\">\n<p>Ce matin, les \u00e9l\u00e8ves de 3\u00e8me A, ont commenc\u00e9 la journ\u00e9e avec 1 bon petit d\u00e9jeuner pr\u00e9par\u00e9 avec l&rsquo;aide des parents. Pour discuter autour des bienfaits et des apports de ce premier repas de la journ\u00e9e.<\/p>\n\n\n\n<figure class=\"is-layout-flex wp-block-gallery-2 wp-block-gallery has-nested-images columns-default is-cropped\">\n<figure class=\"wp-block-image size-large\"><img decoding=\"async\" loading=\"lazy\" width=\"1600\" height=\"1200\" src=\"https:\/\/www.sacrecoeurvercel.com\/wp-content\/uploads\/2025\/11\/1000042576-1600x1200.jpg\" alt=\"\" class=\"wp-image-4918\" srcset=\"https:\/\/www.sacrecoeurvercel.com\/wp-content\/uploads\/2025\/11\/1000042576.jpg 1600w, https:\/\/www.sacrecoeurvercel.com\/wp-content\/uploads\/2025\/11\/1000042576-300x225.jpg 300w, https:\/\/www.sacrecoeurvercel.com\/wp-content\/uploads\/2025\/11\/1000042576-768x576.jpg 768w, https:\/\/www.sacrecoeurvercel.com\/wp-content\/uploads\/2025\/11\/1000042576-1536x1152.jpg 1536w\" sizes=\"(max-width: 1600px) 100vw, 1600px\" \/><\/figure>\n\n\n\n<figure class=\"wp-block-image size-large\"><img decoding=\"async\" loading=\"lazy\" width=\"900\" height=\"1200\" src=\"https:\/\/www.sacrecoeurvercel.com\/wp-content\/uploads\/2025\/11\/1000042578-900x1200.jpg\" alt=\"\" class=\"wp-image-4917\" srcset=\"https:\/\/www.sacrecoeurvercel.com\/wp-content\/uploads\/2025\/11\/1000042578-900x1200.jpg 900w, https:\/\/www.sacrecoeurvercel.com\/wp-content\/uploads\/2025\/11\/1000042578-225x300.jpg 225w, https:\/\/www.sacrecoeurvercel.com\/wp-content\/uploads\/2025\/11\/1000042578-768x1024.jpg 768w, https:\/\/www.sacrecoeurvercel.com\/wp-content\/uploads\/2025\/11\/1000042578-300x400.jpg 300w, https:\/\/www.sacrecoeurvercel.com\/wp-content\/uploads\/2025\/11\/1000042578-1152x1536.jpg 1152w, https:\/\/www.sacrecoeurvercel.com\/wp-content\/uploads\/2025\/11\/1000042578.jpg 1200w\" sizes=\"(max-width: 900px) 100vw, 900px\" \/><\/figure>\n<\/figure>\n<\/div>\n<\/div>\n","protected":false},"excerpt":{"rendered":"<p>Ce matin, les \u00e9l\u00e8ves de 3\u00e8me A, ont commenc\u00e9 la journ\u00e9e avec 1 bon petit d\u00e9jeuner pr\u00e9par\u00e9 avec l&rsquo;aide des parents. Pour discuter autour des bienfaits et des apports de ce premier repas de la&#8230;<\/p>\n","protected":false},"author":5,"featured_media":4918,"comment_status":"closed","ping_status":"closed","sticky":false,"template":"","format":"standard","meta":[],"categories":[7],"tags":[56,54,55],"_links":{"self":[{"href":"https:\/\/www.sacrecoeurvercel.com\/index.php\/wp-json\/wp\/v2\/posts\/4916"}],"collection":[{"href":"https:\/\/www.sacrecoeurvercel.com\/index.php\/wp-json\/wp\/v2\/posts"}],"about":[{"href":"https:\/\/www.sacrecoeurvercel.com\/index.php\/wp-json\/wp\/v2\/types\/post"}],"author":[{"embeddable":true,"href":"https:\/\/www.sacrecoeurvercel.com\/index.php\/wp-json\/wp\/v2\/users\/5"}],"replies":[{"embeddable":true,"href":"https:\/\/www.sacrecoeurvercel.com\/index.php\/wp-json\/wp\/v2\/comments?post=4916"}],"version-history":[{"count":1,"href":"https:\/\/www.sacrecoeurvercel.com\/index.php\/wp-json\/wp\/v2\/posts\/4916\/revisions"}],"predecessor-version":[{"id":4919,"href":"https:\/\/www.sacrecoeurvercel.com\/index.php\/wp-json\/wp\/v2\/posts\/4916\/revisions\/4919"}],"wp:featuredmedia":[{"embeddable":true,"href":"https:\/\/www.sacrecoeurvercel.com\/index.php\/wp-json\/wp\/v2\/media\/4918"}],"wp:attachment":[{"href":"https:\/\/www.sacrecoeurvercel.com\/index.php\/wp-json\/wp\/v2\/media?parent=4916"}],"wp:term":[{"taxonomy":"category","embeddable":true,"href":"https:\/\/www.sacrecoeurvercel.com\/index.php\/wp-json\/wp\/v2\/categories?post=4916"},{"taxonomy":"post_tag","embeddable":true,"href":"https:\/\/www.sacrecoeurvercel.com\/index.php\/wp-json\/wp\/v2\/tags?post=4916"}],"curies":[{"name":"wp","href":"https:\/\/api.w.org\/{rel}","templated":true}]}}