{"id":4939,"date":"2025-11-17T20:05:50","date_gmt":"2025-11-17T20:05:50","guid":{"rendered":"https:\/\/www.sacrecoeurvercel.com\/?p=4939"},"modified":"2025-11-17T20:05:50","modified_gmt":"2025-11-17T20:05:50","slug":"defis-ma-petite-planete-scolaire","status":"publish","type":"post","link":"https:\/\/www.sacrecoeurvercel.com\/index.php\/2025\/11\/17\/defis-ma-petite-planete-scolaire\/","title":{"rendered":"D\u00e9fis ma petite plan\u00e8te scolaire."},"content":{"rendered":"\n<div class=\"is-layout-flex wp-container-3 wp-block-columns\">\n<div class=\"is-layout-flow wp-block-column\" style=\"flex-basis:33.33%\"><\/div>\n\n\n\n<div class=\"is-layout-flow wp-block-column\" style=\"flex-basis:66.66%\">\n<p>\ud83c\udf31 MPPS: Cette ann\u00e9e encore, notre coll\u00e8ge s\u2019engage dans une d\u00e9marche \u00e9cologique et solidaire en participant au d\u00e9fi Ma Petite Plan\u00e8te Scolaire.<\/p>\n\n\n\n<p>Au programme :\u2728 Des actions concr\u00e8tes pour prot\u00e9ger l\u2019environnement\u2728 Des d\u00e9fis amusants pour sensibiliser les \u00e9l\u00e8ves\u2728 Des moments de coop\u00e9ration entre camarades\u2728 Une belle occasion d\u2019apprendre autrement, en s\u2019amusant !<\/p>\n\n\n\n<p>L&rsquo;ensemble du personnel scolaire accompagnera les enfants tout au long du d\u00e9fi, et nous partagerons r\u00e9guli\u00e8rement les avanc\u00e9es et les r\u00e9alisations de nos \u00e9l\u00e8ves.<\/p>\n\n\n\n<p>Merci pour votre soutien et votre participation pour encourager les petits gestes du quotidien \u00e0 la maison. \ud83c\udf0d<\/p>\n<\/div>\n<\/div>\n\n\n\n<figure class=\"wp-block-image size-large\"><img decoding=\"async\" loading=\"lazy\" width=\"960\" height=\"1200\" src=\"https:\/\/www.sacrecoeurvercel.com\/wp-content\/uploads\/2025\/11\/1000042932-960x1200.jpg\" alt=\"\" class=\"wp-image-4940\" srcset=\"https:\/\/www.sacrecoeurvercel.com\/wp-content\/uploads\/2025\/11\/1000042932-960x1200.jpg 960w, https:\/\/www.sacrecoeurvercel.com\/wp-content\/uploads\/2025\/11\/1000042932-240x300.jpg 240w, https:\/\/www.sacrecoeurvercel.com\/wp-content\/uploads\/2025\/11\/1000042932-768x960.jpg 768w, https:\/\/www.sacrecoeurvercel.com\/wp-content\/uploads\/2025\/11\/1000042932.jpg 1080w\" sizes=\"(max-width: 960px) 100vw, 960px\" \/><\/figure>\n","protected":false},"excerpt":{"rendered":"<p>\ud83c\udf31 MPPS: Cette ann\u00e9e encore, notre coll\u00e8ge s\u2019engage dans une d\u00e9marche \u00e9cologique et solidaire en participant au d\u00e9fi Ma Petite Plan\u00e8te Scolaire. Au programme :\u2728 Des actions concr\u00e8tes pour prot\u00e9ger l\u2019environnement\u2728 Des d\u00e9fis amusants pour&#8230;<\/p>\n","protected":false},"author":5,"featured_media":4940,"comment_status":"closed","ping_status":"closed","sticky":false,"template":"","format":"standard","meta":[],"categories":[7,28,18],"tags":[65,64,66,63,67],"_links":{"self":[{"href":"https:\/\/www.sacrecoeurvercel.com\/index.php\/wp-json\/wp\/v2\/posts\/4939"}],"collection":[{"href":"https:\/\/www.sacrecoeurvercel.com\/index.php\/wp-json\/wp\/v2\/posts"}],"about":[{"href":"https:\/\/www.sacrecoeurvercel.com\/index.php\/wp-json\/wp\/v2\/types\/post"}],"author":[{"embeddable":true,"href":"https:\/\/www.sacrecoeurvercel.com\/index.php\/wp-json\/wp\/v2\/users\/5"}],"replies":[{"embeddable":true,"href":"https:\/\/www.sacrecoeurvercel.com\/index.php\/wp-json\/wp\/v2\/comments?post=4939"}],"version-history":[{"count":1,"href":"https:\/\/www.sacrecoeurvercel.com\/index.php\/wp-json\/wp\/v2\/posts\/4939\/revisions"}],"predecessor-version":[{"id":4941,"href":"https:\/\/www.sacrecoeurvercel.com\/index.php\/wp-json\/wp\/v2\/posts\/4939\/revisions\/4941"}],"wp:featuredmedia":[{"embeddable":true,"href":"https:\/\/www.sacrecoeurvercel.com\/index.php\/wp-json\/wp\/v2\/media\/4940"}],"wp:attachment":[{"href":"https:\/\/www.sacrecoeurvercel.com\/index.php\/wp-json\/wp\/v2\/media?parent=4939"}],"wp:term":[{"taxonomy":"category","embeddable":true,"href":"https:\/\/www.sacrecoeurvercel.com\/index.php\/wp-json\/wp\/v2\/categories?post=4939"},{"taxonomy":"post_tag","embeddable":true,"href":"https:\/\/www.sacrecoeurvercel.com\/index.php\/wp-json\/wp\/v2\/tags?post=4939"}],"curies":[{"name":"wp","href":"https:\/\/api.w.org\/{rel}","templated":true}]}}