{"id":4961,"date":"2025-11-21T22:16:46","date_gmt":"2025-11-21T22:16:46","guid":{"rendered":"https:\/\/www.sacrecoeurvercel.com\/?p=4961"},"modified":"2025-11-21T22:16:46","modified_gmt":"2025-11-21T22:16:46","slug":"remise-du-brevet-2025","status":"publish","type":"post","link":"https:\/\/www.sacrecoeurvercel.com\/index.php\/2025\/11\/21\/remise-du-brevet-2025\/","title":{"rendered":"Remise du Brevet 2025"},"content":{"rendered":"\n<div class=\"is-layout-flex wp-container-3 wp-block-columns\">\n<div class=\"is-layout-flow wp-block-column\" style=\"flex-basis:33.33%\"><\/div>\n\n\n\n<div class=\"is-layout-flow wp-block-column\" style=\"flex-basis:66.66%\">\n<p><div>21 Novembre 2025: le plaisir pour toute l&rsquo;\u00e9quipe \u00e9ducative et Mme Deau de revoir les anciens \u00e9l\u00e8ves de 3\u00e8me pour leur remettre leur dipl\u00f4me du brevet. Mme Patricia Lime-Vieille pour le d\u00e9partement du Doubs et Mme Pascale DROZ adjointe \u00e0 la commune, on \u00e9t\u00e9 convi\u00e9es \u00e0 ce moment de partage et de reconnaissance envers les \u00e9l\u00e8ves du coll\u00e8ge Sacr\u00e9 Coeur de Vercel ! Bravo et F\u00e9licitations aux \u00c9l\u00e8ves et \u2728Bon Vent vers de Nouvelles Aventures\u2728<\/div><\/p>\n<\/div>\n<\/div>\n\n\n\n<figure class=\"is-layout-flex wp-block-gallery-4 wp-block-gallery has-nested-images columns-default is-cropped\">\n<figure class=\"wp-block-image size-large\"><img decoding=\"async\" loading=\"lazy\" width=\"1600\" height=\"1200\" data-id=\"4962\"  src=\"https:\/\/www.sacrecoeurvercel.com\/wp-content\/uploads\/2025\/11\/1000043245-1600x1200.jpg\" alt=\"\" class=\"wp-image-4962\" srcset=\"https:\/\/www.sacrecoeurvercel.com\/wp-content\/uploads\/2025\/11\/1000043245.jpg 1600w, https:\/\/www.sacrecoeurvercel.com\/wp-content\/uploads\/2025\/11\/1000043245-300x225.jpg 300w, https:\/\/www.sacrecoeurvercel.com\/wp-content\/uploads\/2025\/11\/1000043245-768x576.jpg 768w, https:\/\/www.sacrecoeurvercel.com\/wp-content\/uploads\/2025\/11\/1000043245-1536x1152.jpg 1536w\" sizes=\"(max-width: 1600px) 100vw, 1600px\" \/><\/figure>\n\n\n\n<figure class=\"wp-block-image size-large\"><img decoding=\"async\" loading=\"lazy\" width=\"1600\" height=\"1200\" data-id=\"4963\"  src=\"https:\/\/www.sacrecoeurvercel.com\/wp-content\/uploads\/2025\/11\/1000043246-1600x1200.jpg\" alt=\"\" class=\"wp-image-4963\" srcset=\"https:\/\/www.sacrecoeurvercel.com\/wp-content\/uploads\/2025\/11\/1000043246.jpg 1600w, https:\/\/www.sacrecoeurvercel.com\/wp-content\/uploads\/2025\/11\/1000043246-300x225.jpg 300w, https:\/\/www.sacrecoeurvercel.com\/wp-content\/uploads\/2025\/11\/1000043246-768x576.jpg 768w, https:\/\/www.sacrecoeurvercel.com\/wp-content\/uploads\/2025\/11\/1000043246-1536x1152.jpg 1536w\" sizes=\"(max-width: 1600px) 100vw, 1600px\" \/><\/figure>\n\n\n\n<figure class=\"wp-block-image size-large\"><img decoding=\"async\" loading=\"lazy\" width=\"1600\" height=\"1200\" data-id=\"4964\"  src=\"https:\/\/www.sacrecoeurvercel.com\/wp-content\/uploads\/2025\/11\/1000043251-1600x1200.jpg\" alt=\"\" class=\"wp-image-4964\" srcset=\"https:\/\/www.sacrecoeurvercel.com\/wp-content\/uploads\/2025\/11\/1000043251.jpg 1600w, https:\/\/www.sacrecoeurvercel.com\/wp-content\/uploads\/2025\/11\/1000043251-300x225.jpg 300w, https:\/\/www.sacrecoeurvercel.com\/wp-content\/uploads\/2025\/11\/1000043251-768x576.jpg 768w, https:\/\/www.sacrecoeurvercel.com\/wp-content\/uploads\/2025\/11\/1000043251-1536x1152.jpg 1536w\" sizes=\"(max-width: 1600px) 100vw, 1600px\" \/><\/figure>\n\n\n\n<figure class=\"wp-block-image size-large\"><img decoding=\"async\" loading=\"lazy\" width=\"1600\" height=\"1200\" data-id=\"4965\"  src=\"https:\/\/www.sacrecoeurvercel.com\/wp-content\/uploads\/2025\/11\/1000043254-1600x1200.jpg\" alt=\"\" class=\"wp-image-4965\" srcset=\"https:\/\/www.sacrecoeurvercel.com\/wp-content\/uploads\/2025\/11\/1000043254.jpg 1600w, https:\/\/www.sacrecoeurvercel.com\/wp-content\/uploads\/2025\/11\/1000043254-300x225.jpg 300w, https:\/\/www.sacrecoeurvercel.com\/wp-content\/uploads\/2025\/11\/1000043254-768x576.jpg 768w, https:\/\/www.sacrecoeurvercel.com\/wp-content\/uploads\/2025\/11\/1000043254-1536x1152.jpg 1536w\" sizes=\"(max-width: 1600px) 100vw, 1600px\" \/><\/figure>\n\n\n\n<figure class=\"wp-block-image size-large\"><img decoding=\"async\" loading=\"lazy\" width=\"1538\" height=\"640\" data-id=\"4966\"  src=\"https:\/\/www.sacrecoeurvercel.com\/wp-content\/uploads\/2025\/11\/1000043257.jpg\" alt=\"\" class=\"wp-image-4966\" srcset=\"https:\/\/www.sacrecoeurvercel.com\/wp-content\/uploads\/2025\/11\/1000043257.jpg 1538w, https:\/\/www.sacrecoeurvercel.com\/wp-content\/uploads\/2025\/11\/1000043257-300x125.jpg 300w, https:\/\/www.sacrecoeurvercel.com\/wp-content\/uploads\/2025\/11\/1000043257-768x320.jpg 768w, https:\/\/www.sacrecoeurvercel.com\/wp-content\/uploads\/2025\/11\/1000043257-1536x639.jpg 1536w\" sizes=\"(max-width: 1538px) 100vw, 1538px\" \/><\/figure>\n<\/figure>\n","protected":false},"excerpt":{"rendered":"<p>21 Novembre 2025: le plaisir pour toute l&rsquo;\u00e9quipe \u00e9ducative et Mme Deau de revoir les anciens \u00e9l\u00e8ves de 3\u00e8me pour leur remettre leur dipl\u00f4me du brevet. Mme Patricia Lime-Vieille pour le d\u00e9partement du Doubs et&#8230;<\/p>\n","protected":false},"author":5,"featured_media":4967,"comment_status":"closed","ping_status":"closed","sticky":false,"template":"","format":"standard","meta":[],"categories":[7,24],"tags":[74,72,73,71,58],"_links":{"self":[{"href":"https:\/\/www.sacrecoeurvercel.com\/index.php\/wp-json\/wp\/v2\/posts\/4961"}],"collection":[{"href":"https:\/\/www.sacrecoeurvercel.com\/index.php\/wp-json\/wp\/v2\/posts"}],"about":[{"href":"https:\/\/www.sacrecoeurvercel.com\/index.php\/wp-json\/wp\/v2\/types\/post"}],"author":[{"embeddable":true,"href":"https:\/\/www.sacrecoeurvercel.com\/index.php\/wp-json\/wp\/v2\/users\/5"}],"replies":[{"embeddable":true,"href":"https:\/\/www.sacrecoeurvercel.com\/index.php\/wp-json\/wp\/v2\/comments?post=4961"}],"version-history":[{"count":1,"href":"https:\/\/www.sacrecoeurvercel.com\/index.php\/wp-json\/wp\/v2\/posts\/4961\/revisions"}],"predecessor-version":[{"id":4968,"href":"https:\/\/www.sacrecoeurvercel.com\/index.php\/wp-json\/wp\/v2\/posts\/4961\/revisions\/4968"}],"wp:featuredmedia":[{"embeddable":true,"href":"https:\/\/www.sacrecoeurvercel.com\/index.php\/wp-json\/wp\/v2\/media\/4967"}],"wp:attachment":[{"href":"https:\/\/www.sacrecoeurvercel.com\/index.php\/wp-json\/wp\/v2\/media?parent=4961"}],"wp:term":[{"taxonomy":"category","embeddable":true,"href":"https:\/\/www.sacrecoeurvercel.com\/index.php\/wp-json\/wp\/v2\/categories?post=4961"},{"taxonomy":"post_tag","embeddable":true,"href":"https:\/\/www.sacrecoeurvercel.com\/index.php\/wp-json\/wp\/v2\/tags?post=4961"}],"curies":[{"name":"wp","href":"https:\/\/api.w.org\/{rel}","templated":true}]}}