{"id":5101,"date":"2025-12-09T15:55:07","date_gmt":"2025-12-09T15:55:07","guid":{"rendered":"https:\/\/www.sacrecoeurvercel.com\/?p=5101"},"modified":"2026-01-17T15:59:03","modified_gmt":"2026-01-17T15:59:03","slug":"noel-se-chante-a-lecole-du-sacre-coeur","status":"publish","type":"post","link":"https:\/\/www.sacrecoeurvercel.com\/index.php\/2025\/12\/09\/noel-se-chante-a-lecole-du-sacre-coeur\/","title":{"rendered":"No\u00ebl se chante \u00e0 l&rsquo;\u00e9cole du Sacr\u00e9 coeur."},"content":{"rendered":"\n<p>Depuis trois semaines, les \u00e9l\u00e8ves de CM1 r\u00e9p\u00e8tent deux chants : \u00ab l\u2019\u00e9toile filante \u00bb des cow-boys fringants (chanson canadienne) et \u00ab petit gar\u00e7on \u00bb. Ils sont accompagn\u00e9s \u00e0 la guitare par leur ma\u00eetresse Aline.<\/p>\n\n\n\n<p>Pendant le temps m\u00e9ridien, les \u00e9l\u00e8ves de CE1-CE2 ont eu la chance de pouvoir les \u00e9couter.<\/p>\n\n\n\n<p>Bravo \u00e0 ces jeunes chanteurs ! <img decoding=\"async\" loading=\"lazy\" height=\"16\" width=\"16\" alt=\"\ud83c\udfb8\" src=\"https:\/\/static.xx.fbcdn.net\/images\/emoji.php\/v9\/t21\/1\/16\/1f3b8.png\"><img decoding=\"async\" loading=\"lazy\" height=\"16\" width=\"16\" alt=\"\ud83c\udfbc\" src=\"https:\/\/static.xx.fbcdn.net\/images\/emoji.php\/v9\/tcc\/1\/16\/1f3bc.png\"><img decoding=\"async\" loading=\"lazy\" height=\"16\" width=\"16\" alt=\"\ud83e\udd29\" src=\"https:\/\/static.xx.fbcdn.net\/images\/emoji.php\/v9\/t58\/1\/16\/1f929.png\"><\/p>\n\n\n\n<figure class=\"is-layout-flex wp-block-gallery-1 wp-block-gallery has-nested-images columns-default is-cropped\">\n<figure class=\"wp-block-image size-large\"><img decoding=\"async\" loading=\"lazy\" width=\"1600\" height=\"1200\" data-id=\"5099\"  src=\"https:\/\/www.sacrecoeurvercel.com\/wp-content\/uploads\/2026\/01\/IMG-20251209-WA0001-1600x1200.jpg\" alt=\"\" class=\"wp-image-5099\" srcset=\"https:\/\/www.sacrecoeurvercel.com\/wp-content\/uploads\/2026\/01\/IMG-20251209-WA0001.jpg 1600w, https:\/\/www.sacrecoeurvercel.com\/wp-content\/uploads\/2026\/01\/IMG-20251209-WA0001-300x225.jpg 300w, https:\/\/www.sacrecoeurvercel.com\/wp-content\/uploads\/2026\/01\/IMG-20251209-WA0001-768x576.jpg 768w, https:\/\/www.sacrecoeurvercel.com\/wp-content\/uploads\/2026\/01\/IMG-20251209-WA0001-1536x1152.jpg 1536w\" sizes=\"(max-width: 1600px) 100vw, 1600px\" \/><\/figure>\n\n\n\n<figure class=\"wp-block-image size-large\"><img decoding=\"async\" loading=\"lazy\" width=\"1600\" height=\"1200\" data-id=\"5098\"  src=\"https:\/\/www.sacrecoeurvercel.com\/wp-content\/uploads\/2026\/01\/IMG-20251209-WA0002-1600x1200.jpg\" alt=\"\" class=\"wp-image-5098\" srcset=\"https:\/\/www.sacrecoeurvercel.com\/wp-content\/uploads\/2026\/01\/IMG-20251209-WA0002.jpg 1600w, https:\/\/www.sacrecoeurvercel.com\/wp-content\/uploads\/2026\/01\/IMG-20251209-WA0002-300x225.jpg 300w, https:\/\/www.sacrecoeurvercel.com\/wp-content\/uploads\/2026\/01\/IMG-20251209-WA0002-768x576.jpg 768w, https:\/\/www.sacrecoeurvercel.com\/wp-content\/uploads\/2026\/01\/IMG-20251209-WA0002-1536x1152.jpg 1536w\" sizes=\"(max-width: 1600px) 100vw, 1600px\" \/><\/figure>\n<\/figure>\n","protected":false},"excerpt":{"rendered":"<p>Depuis trois semaines, les \u00e9l\u00e8ves de CM1 r\u00e9p\u00e8tent deux chants : \u00ab l\u2019\u00e9toile filante \u00bb des cow-boys fringants (chanson canadienne) et \u00ab petit gar\u00e7on \u00bb. Ils sont accompagn\u00e9s \u00e0 la guitare par leur ma\u00eetresse Aline&#8230;.<\/p>\n","protected":false},"author":5,"featured_media":5098,"comment_status":"closed","ping_status":"closed","sticky":false,"template":"","format":"standard","meta":[],"categories":[6],"tags":[85,84,79],"_links":{"self":[{"href":"https:\/\/www.sacrecoeurvercel.com\/index.php\/wp-json\/wp\/v2\/posts\/5101"}],"collection":[{"href":"https:\/\/www.sacrecoeurvercel.com\/index.php\/wp-json\/wp\/v2\/posts"}],"about":[{"href":"https:\/\/www.sacrecoeurvercel.com\/index.php\/wp-json\/wp\/v2\/types\/post"}],"author":[{"embeddable":true,"href":"https:\/\/www.sacrecoeurvercel.com\/index.php\/wp-json\/wp\/v2\/users\/5"}],"replies":[{"embeddable":true,"href":"https:\/\/www.sacrecoeurvercel.com\/index.php\/wp-json\/wp\/v2\/comments?post=5101"}],"version-history":[{"count":1,"href":"https:\/\/www.sacrecoeurvercel.com\/index.php\/wp-json\/wp\/v2\/posts\/5101\/revisions"}],"predecessor-version":[{"id":5102,"href":"https:\/\/www.sacrecoeurvercel.com\/index.php\/wp-json\/wp\/v2\/posts\/5101\/revisions\/5102"}],"wp:featuredmedia":[{"embeddable":true,"href":"https:\/\/www.sacrecoeurvercel.com\/index.php\/wp-json\/wp\/v2\/media\/5098"}],"wp:attachment":[{"href":"https:\/\/www.sacrecoeurvercel.com\/index.php\/wp-json\/wp\/v2\/media?parent=5101"}],"wp:term":[{"taxonomy":"category","embeddable":true,"href":"https:\/\/www.sacrecoeurvercel.com\/index.php\/wp-json\/wp\/v2\/categories?post=5101"},{"taxonomy":"post_tag","embeddable":true,"href":"https:\/\/www.sacrecoeurvercel.com\/index.php\/wp-json\/wp\/v2\/tags?post=5101"}],"curies":[{"name":"wp","href":"https:\/\/api.w.org\/{rel}","templated":true}]}}